{"id":7300,"date":"2024-04-19T10:39:14","date_gmt":"2024-04-19T09:39:14","guid":{"rendered":"https:\/\/www.medicalservice.care\/?p=7300"},"modified":"2024-04-19T10:40:36","modified_gmt":"2024-04-19T09:40:36","slug":"7300","status":"publish","type":"post","link":"https:\/\/medicalservice.care\/en\/2024\/04\/19\/7300\/","title":{"rendered":"\ud83c\udfc0 Felipe Reyes en la alianza \ud83e\udd1d de Fundaci\u00f3n Real Madrid con Medical Service Care ."},"content":{"rendered":"<p>\ud83c\udfc0 <strong>Felipe Reyes<\/strong> en la renovaci\u00f3n de la alianza \ud83e\udd1d de <strong>Fundaci\u00f3n Real Madrid <\/strong>con <strong>Medical Service Care<\/strong> .<\/p>\n\n\n\n<p>\ud83d\ude4c La #Fundaci\u00f3n desarrolla conjuntamente tres actividades del programa de baloncesto en hospitales.<\/p>\n\n\n\n<p>\ud83e\udd1d La<strong> Fundaci\u00f3n Real Madrid<\/strong> y <strong>Medical Service Care<\/strong> renovaron su convenio de #colaboraci\u00f3n para el desarrollo del programa de #baloncesto en hospitales en Madrid. Julio Gonz\u00e1lez Ronco, director gerente de la Fundaci\u00f3n Real Madrid, y \ud835\udddd\ud835\uddfc\ud835\ude00\ud835\uddf2\u0301 \ud835\udde0\ud835\ude02\ud835\uddff\ud835\uddf6\ud835\uddee\ud835\uddfb\ud835\uddee \ud835\udddd\ud835\uddf6\ud835\uddfa\ud835\uddf2\u0301\ud835\uddfb\ud835\uddf2\ud835\ude07, nuestro consejero delegado de Medical Service Care, firmaron el acuerdo en un acto que se celebr\u00f3 en el auditorio de la Ciudad Real Madrid y cont\u00f3 con la presencia de , \ud835\uddd9\ud835\uddf2\ud835\uddf9\ud835\uddf6\ud835\uddfd\ud835\uddf2 \ud835\udde5\ud835\uddf2\ud835\ude06\ud835\uddf2\ud835\ude00 embajador del Real Madrid y de su Fundaci\u00f3n.<\/p>\n\n\n\n<p>\ud83e\udd1dGracias a este acuerdo que comenz\u00f3 en la temporada 2018-19, Medical Service Care, empresa especializada en la gesti\u00f3n integral de servicios m\u00e9dicos apoya el desarrollo del programa socio deportivo de la <strong>Fundaci\u00f3n Real Madrid <\/strong>en el<strong> Hospital Universitario San Rafael<\/strong> <strong>&#8211; Orden Hospitalaria San Juan de Dios<\/strong>; en el <strong>Hospital Laguna &#8211; Fundaci\u00f3n Vianorte-Laguna<\/strong> , dedicado a la atenci\u00f3n y cuidado de enfermos necesitados de cuidados paliativos; y en el \u00e1rea de psiquiatr\u00eda y salud mental de adolescentes del hospital 12 de Octubre.<\/p>\n\n\n\n<p>\ud835\uddd9\ud835\uddf2\ud835\uddf9\ud835\uddf6\ud835\uddfd\ud835\uddf2 \ud835\udde5\ud835\uddf2\ud835\ude06\ud835\uddf2\ud835\ude00 explic\u00f3: \u201cNosotros creemos en la importancia de la medicina y en que nuestra contribuci\u00f3n ayude a la labor de los m\u00e9dicos, que es curar, pero tambi\u00e9n en la medida en que la pr\u00e1ctica deportiva suponga prevenir y conservar la salud\u201d . Por su parte, \ud83e\ude7a \ud835\udddd\ud835\uddfc\ud835\ude00\ud835\uddf2\u0301 \ud835\udde0\ud835\ude02\ud835\uddff\ud835\uddf6\ud835\uddee\ud835\uddfb\ud835\uddee a\u00f1adi\u00f3: \u201cPara una empresa sanitaria como Medical Service Care es un honor y un orgullo, poder contribuir dentro de nuestra pol\u00edtica de Responsabilidad Social Corporativa RSC al desarrollo de esta magn\u00edfica labor.\u201d\ud83d\ude4c<\/p>\n\n\n\n<p>\ud83c\udfe5 <strong>COLABORACI\u00d3N CON LOS HOSPITALES.<\/strong><br>El programa de baloncesto en #hospitales de la Fundaci\u00f3n Real Madrid es una actividad semanal que se implanta en centro p\u00fablicos y privados, en colaboraci\u00f3n con los hospitales y cuerpos m\u00e9dicos. A trav\u00e9s de diferentes materiales l\u00fadico-educativos no s\u00f3lo se acompa\u00f1a al paciente, sino que se trabaja su recuperaci\u00f3n an\u00edmica en sus periodos de ocio dentro del hospital.<\/p>\n\n\n\n<p>\ud83d\ude4f Muchas gracias, <strong>Fundaci\u00f3n Real Madrid<\/strong> por hacernos parte de esta maravillosa labor. \ud83d\ude4c<\/p>\n\n\n\n<p>\ud83c\udf10 Noticia #RealMadrid <a href=\"https:\/\/www.realmadrid.com\/es-ES\/noticias\/club\/fundacion\/felipe-reyes-en-la-renovacion-de-la-alianza-con-medical-service-17-04-2024\">https:\/\/www.realmadrid.com\/es-ES\/noticias\/club\/fundacion\/felipe-reyes-en-la-renovacion-de-la-alianza-con-medical-service-17-04-2024<\/a><\/p>\n\n\n\n<p>\ud83c\udf0d \ud835\udde5\ud835\udde6\ud835\uddd6 Medical Service Care<br>\ud835\uddda\ud835\udde5\ud835\udde8\ud835\udde3\ud835\udde2 \ud835\udde0\ud835\uddd8\ud835\uddd7\ud835\udddc\ud835\uddd6\ud835\uddd4\ud835\udddf \ud835\udde6\ud835\uddd8\ud835\udde5\ud835\udde9\ud835\udddc\ud835\uddd6\ud835\uddd8<br>#RSCgrupomedicalservice<br>#RSC<br>#FundacionRealMadrid<br>#Fundaci\u00f3nRM<br>#solidaridad<br>#medicina<br>#eldeporteesvida<br>#medicalserviceyeldeporte<\/p>\n\n\n\n<figure class=\"wp-block-image size-large\"><img fetchpriority=\"high\" decoding=\"async\" width=\"1024\" height=\"683\" src=\"https:\/\/medicalservice.care\/wp-content\/uploads\/2024\/04\/FIRMA-FUNDACION-MEDICAL-SERVICE-CARE_MJ19635-1024x683.jpg\" alt=\"\" class=\"wp-image-7302\" srcset=\"https:\/\/medicalservice.care\/wp-content\/uploads\/2024\/04\/FIRMA-FUNDACION-MEDICAL-SERVICE-CARE_MJ19635-1024x683.jpg 1024w, https:\/\/medicalservice.care\/wp-content\/uploads\/2024\/04\/FIRMA-FUNDACION-MEDICAL-SERVICE-CARE_MJ19635-300x200.jpg 300w, https:\/\/medicalservice.care\/wp-content\/uploads\/2024\/04\/FIRMA-FUNDACION-MEDICAL-SERVICE-CARE_MJ19635-768x512.jpg 768w, https:\/\/medicalservice.care\/wp-content\/uploads\/2024\/04\/FIRMA-FUNDACION-MEDICAL-SERVICE-CARE_MJ19635-1536x1024.jpg 1536w, https:\/\/medicalservice.care\/wp-content\/uploads\/2024\/04\/FIRMA-FUNDACION-MEDICAL-SERVICE-CARE_MJ19635-2048x1365.jpg 2048w\" sizes=\"(max-width: 1024px) 100vw, 1024px\" \/><\/figure>\n\n\n\n<figure class=\"wp-block-image size-large\"><img decoding=\"async\" width=\"1024\" height=\"683\" src=\"https:\/\/medicalservice.care\/wp-content\/uploads\/2024\/04\/FIRMA-FUNDACION-MEDICAL-SERVICE-CARE_MJ19660-PEQUE-1024x683.jpg\" alt=\"\" class=\"wp-image-7311\" srcset=\"https:\/\/medicalservice.care\/wp-content\/uploads\/2024\/04\/FIRMA-FUNDACION-MEDICAL-SERVICE-CARE_MJ19660-PEQUE-1024x683.jpg 1024w, https:\/\/medicalservice.care\/wp-content\/uploads\/2024\/04\/FIRMA-FUNDACION-MEDICAL-SERVICE-CARE_MJ19660-PEQUE-300x200.jpg 300w, https:\/\/medicalservice.care\/wp-content\/uploads\/2024\/04\/FIRMA-FUNDACION-MEDICAL-SERVICE-CARE_MJ19660-PEQUE-768x512.jpg 768w, https:\/\/medicalservice.care\/wp-content\/uploads\/2024\/04\/FIRMA-FUNDACION-MEDICAL-SERVICE-CARE_MJ19660-PEQUE-1536x1024.jpg 1536w, https:\/\/medicalservice.care\/wp-content\/uploads\/2024\/04\/FIRMA-FUNDACION-MEDICAL-SERVICE-CARE_MJ19660-PEQUE-2048x1366.jpg 2048w\" sizes=\"(max-width: 1024px) 100vw, 1024px\" \/><\/figure>\n\n\n\n<figure class=\"wp-block-image size-large\"><img decoding=\"async\" width=\"683\" height=\"1024\" src=\"https:\/\/medicalservice.care\/wp-content\/uploads\/2024\/04\/FIRMA-FUNDACION-MEDICAL-SERVICE-CARE_MJ19667-683x1024.jpg\" alt=\"\" class=\"wp-image-7304\" srcset=\"https:\/\/medicalservice.care\/wp-content\/uploads\/2024\/04\/FIRMA-FUNDACION-MEDICAL-SERVICE-CARE_MJ19667-683x1024.jpg 683w, https:\/\/medicalservice.care\/wp-content\/uploads\/2024\/04\/FIRMA-FUNDACION-MEDICAL-SERVICE-CARE_MJ19667-200x300.jpg 200w, https:\/\/medicalservice.care\/wp-content\/uploads\/2024\/04\/FIRMA-FUNDACION-MEDICAL-SERVICE-CARE_MJ19667-768x1152.jpg 768w, https:\/\/medicalservice.care\/wp-content\/uploads\/2024\/04\/FIRMA-FUNDACION-MEDICAL-SERVICE-CARE_MJ19667-1024x1536.jpg 1024w, https:\/\/medicalservice.care\/wp-content\/uploads\/2024\/04\/FIRMA-FUNDACION-MEDICAL-SERVICE-CARE_MJ19667-1365x2048.jpg 1365w, https:\/\/medicalservice.care\/wp-content\/uploads\/2024\/04\/FIRMA-FUNDACION-MEDICAL-SERVICE-CARE_MJ19667-scaled.jpg 1707w\" sizes=\"(max-width: 683px) 100vw, 683px\" \/><\/figure>\n\n\n\n<figure class=\"wp-block-image size-large\"><img decoding=\"async\" src=\"https:\/\/medicalservice.care\/wp-content\/uploads\/2024\/04\/FIRMA-FUNDACION-MEDICAL-SERVICE-CARE_MJ19715-1024x683.jpg\" alt=\"\" class=\"wp-image-7305\"\/><\/figure>\n\n\n\n<figure class=\"wp-block-image size-large\"><img loading=\"lazy\" decoding=\"async\" width=\"1024\" height=\"683\" src=\"https:\/\/medicalservice.care\/wp-content\/uploads\/2024\/04\/FIRMA-FUNDACION-MEDICAL-SERVICE-CARE_MJ19748-1024x683.jpg\" alt=\"\" class=\"wp-image-7306\" srcset=\"https:\/\/medicalservice.care\/wp-content\/uploads\/2024\/04\/FIRMA-FUNDACION-MEDICAL-SERVICE-CARE_MJ19748-1024x683.jpg 1024w, https:\/\/medicalservice.care\/wp-content\/uploads\/2024\/04\/FIRMA-FUNDACION-MEDICAL-SERVICE-CARE_MJ19748-300x200.jpg 300w, https:\/\/medicalservice.care\/wp-content\/uploads\/2024\/04\/FIRMA-FUNDACION-MEDICAL-SERVICE-CARE_MJ19748-768x512.jpg 768w, https:\/\/medicalservice.care\/wp-content\/uploads\/2024\/04\/FIRMA-FUNDACION-MEDICAL-SERVICE-CARE_MJ19748-1536x1024.jpg 1536w, https:\/\/medicalservice.care\/wp-content\/uploads\/2024\/04\/FIRMA-FUNDACION-MEDICAL-SERVICE-CARE_MJ19748-2048x1365.jpg 2048w\" sizes=\"(max-width: 1024px) 100vw, 1024px\" \/><\/figure>\n\n\n\n<figure class=\"wp-block-image size-large\"><img loading=\"lazy\" decoding=\"async\" width=\"1024\" height=\"683\" src=\"https:\/\/medicalservice.care\/wp-content\/uploads\/2024\/04\/FIRMA-FUNDACION-MEDICAL-SERVICE-CARE_MJ19767-1024x683.jpg\" alt=\"\" class=\"wp-image-7307\" srcset=\"https:\/\/medicalservice.care\/wp-content\/uploads\/2024\/04\/FIRMA-FUNDACION-MEDICAL-SERVICE-CARE_MJ19767-1024x683.jpg 1024w, https:\/\/medicalservice.care\/wp-content\/uploads\/2024\/04\/FIRMA-FUNDACION-MEDICAL-SERVICE-CARE_MJ19767-300x200.jpg 300w, https:\/\/medicalservice.care\/wp-content\/uploads\/2024\/04\/FIRMA-FUNDACION-MEDICAL-SERVICE-CARE_MJ19767-768x512.jpg 768w, https:\/\/medicalservice.care\/wp-content\/uploads\/2024\/04\/FIRMA-FUNDACION-MEDICAL-SERVICE-CARE_MJ19767-1536x1024.jpg 1536w, https:\/\/medicalservice.care\/wp-content\/uploads\/2024\/04\/FIRMA-FUNDACION-MEDICAL-SERVICE-CARE_MJ19767-2048x1365.jpg 2048w\" sizes=\"(max-width: 1024px) 100vw, 1024px\" \/><\/figure>","protected":false},"excerpt":{"rendered":"<p>\ud83c\udfc0 Felipe Reyes en la renovaci\u00f3n de la alianza \ud83e\udd1d de Fundaci\u00f3n Real Madrid con Medical Service Care . \ud83d\ude4c La #Fundaci\u00f3n desarrolla conjuntamente tres actividades del programa de baloncesto en hospitales. \ud83e\udd1d La Fundaci\u00f3n Real Madrid y Medical Service Care renovaron su convenio de #colaboraci\u00f3n para el desarrollo del programa de #baloncesto en hospitales [&hellip;]<\/p>\n","protected":false},"author":5,"featured_media":0,"comment_status":"closed","ping_status":"closed","sticky":false,"template":"","format":"standard","meta":{"footnotes":""},"categories":[2,5],"tags":[],"class_list":["post-7300","post","type-post","status-publish","format-standard","hentry","category-noticias","category-noticias-pt"],"yoast_head":"<!-- This site is optimized with the Yoast SEO Premium plugin v23.5 (Yoast SEO v27.2) - https:\/\/yoast.com\/product\/yoast-seo-premium-wordpress\/ -->\n<title>\ud83c\udfc0 Felipe Reyes en la alianza \ud83e\udd1d de Fundaci\u00f3n Real Madrid con Medical Service Care . - Medical service<\/title>\n<meta name=\"robots\" content=\"index, follow, max-snippet:-1, max-image-preview:large, max-video-preview:-1\" \/>\n<link rel=\"canonical\" href=\"https:\/\/medicalservice.care\/en\/2024\/04\/19\/7300\/\" \/>\n<meta property=\"og:locale\" content=\"en_GB\" \/>\n<meta property=\"og:type\" content=\"article\" \/>\n<meta property=\"og:title\" content=\"\ud83c\udfc0 Felipe Reyes en la alianza \ud83e\udd1d de Fundaci\u00f3n Real Madrid con Medical Service Care .\" \/>\n<meta property=\"og:description\" content=\"\ud83c\udfc0 Felipe Reyes en la renovaci\u00f3n de la alianza \ud83e\udd1d de Fundaci\u00f3n Real Madrid con Medical Service Care . \ud83d\ude4c La #Fundaci\u00f3n desarrolla conjuntamente tres actividades del programa de baloncesto en hospitales. \ud83e\udd1d La Fundaci\u00f3n Real Madrid y Medical Service Care renovaron su convenio de #colaboraci\u00f3n para el desarrollo del programa de #baloncesto en hospitales [&hellip;]\" \/>\n<meta property=\"og:url\" content=\"https:\/\/medicalservice.care\/en\/2024\/04\/19\/7300\/\" \/>\n<meta property=\"og:site_name\" content=\"Medical service\" \/>\n<meta property=\"article:published_time\" content=\"2024-04-19T09:39:14+00:00\" \/>\n<meta property=\"article:modified_time\" content=\"2024-04-19T09:40:36+00:00\" \/>\n<meta property=\"og:image\" content=\"https:\/\/medicalservice.care\/wp-content\/uploads\/2024\/04\/FIRMA-FUNDACION-MEDICAL-SERVICE-CARE_MJ19715-scaled.jpg\" \/>\n\t<meta property=\"og:image:width\" content=\"2560\" \/>\n\t<meta property=\"og:image:height\" content=\"1707\" \/>\n\t<meta property=\"og:image:type\" content=\"image\/jpeg\" \/>\n<meta name=\"author\" content=\"Elisa Medical\" \/>\n<meta name=\"twitter:card\" content=\"summary_large_image\" \/>\n<meta name=\"twitter:label1\" content=\"Written by\" \/>\n\t<meta name=\"twitter:data1\" content=\"Elisa Medical\" \/>\n\t<meta name=\"twitter:label2\" content=\"Estimated reading time\" \/>\n\t<meta name=\"twitter:data2\" content=\"2 minutes\" \/>\n<script type=\"application\/ld+json\" class=\"yoast-schema-graph\">{\"@context\":\"https:\/\/schema.org\",\"@graph\":[{\"@type\":\"Article\",\"@id\":\"https:\/\/medicalservice.care\/2024\/04\/19\/7300\/#article\",\"isPartOf\":{\"@id\":\"https:\/\/medicalservice.care\/2024\/04\/19\/7300\/\"},\"author\":{\"name\":\"Elisa Medical\",\"@id\":\"https:\/\/medicalservice.care\/#\/schema\/person\/daafb49dd48392db42492afd909e68f7\"},\"headline\":\"\ud83c\udfc0 Felipe Reyes en la alianza \ud83e\udd1d de Fundaci\u00f3n Real Madrid con Medical Service Care .\",\"datePublished\":\"2024-04-19T09:39:14+00:00\",\"dateModified\":\"2024-04-19T09:40:36+00:00\",\"mainEntityOfPage\":{\"@id\":\"https:\/\/medicalservice.care\/2024\/04\/19\/7300\/\"},\"wordCount\":403,\"publisher\":{\"@id\":\"https:\/\/medicalservice.care\/#organization\"},\"image\":{\"@id\":\"https:\/\/medicalservice.care\/2024\/04\/19\/7300\/#primaryimage\"},\"thumbnailUrl\":\"https:\/\/medicalservice.care\/wp-content\/uploads\/2024\/04\/FIRMA-FUNDACION-MEDICAL-SERVICE-CARE_MJ19635-1024x683.jpg\",\"articleSection\":[\"Noticias\",\"Not\u00edcias\"],\"inLanguage\":\"en-GB\"},{\"@type\":\"WebPage\",\"@id\":\"https:\/\/medicalservice.care\/2024\/04\/19\/7300\/\",\"url\":\"https:\/\/medicalservice.care\/2024\/04\/19\/7300\/\",\"name\":\"\ud83c\udfc0 Felipe Reyes en la alianza \ud83e\udd1d de Fundaci\u00f3n Real Madrid con Medical Service Care . - Medical service\",\"isPartOf\":{\"@id\":\"https:\/\/medicalservice.care\/#website\"},\"primaryImageOfPage\":{\"@id\":\"https:\/\/medicalservice.care\/2024\/04\/19\/7300\/#primaryimage\"},\"image\":{\"@id\":\"https:\/\/medicalservice.care\/2024\/04\/19\/7300\/#primaryimage\"},\"thumbnailUrl\":\"https:\/\/medicalservice.care\/wp-content\/uploads\/2024\/04\/FIRMA-FUNDACION-MEDICAL-SERVICE-CARE_MJ19635-1024x683.jpg\",\"datePublished\":\"2024-04-19T09:39:14+00:00\",\"dateModified\":\"2024-04-19T09:40:36+00:00\",\"breadcrumb\":{\"@id\":\"https:\/\/medicalservice.care\/2024\/04\/19\/7300\/#breadcrumb\"},\"inLanguage\":\"en-GB\",\"potentialAction\":[{\"@type\":\"ReadAction\",\"target\":[\"https:\/\/medicalservice.care\/2024\/04\/19\/7300\/\"]}]},{\"@type\":\"ImageObject\",\"inLanguage\":\"en-GB\",\"@id\":\"https:\/\/medicalservice.care\/2024\/04\/19\/7300\/#primaryimage\",\"url\":\"https:\/\/medicalservice.care\/wp-content\/uploads\/2024\/04\/FIRMA-FUNDACION-MEDICAL-SERVICE-CARE_MJ19635-1024x683.jpg\",\"contentUrl\":\"https:\/\/medicalservice.care\/wp-content\/uploads\/2024\/04\/FIRMA-FUNDACION-MEDICAL-SERVICE-CARE_MJ19635-1024x683.jpg\"},{\"@type\":\"BreadcrumbList\",\"@id\":\"https:\/\/medicalservice.care\/2024\/04\/19\/7300\/#breadcrumb\",\"itemListElement\":[{\"@type\":\"ListItem\",\"position\":1,\"name\":\"Portada\",\"item\":\"https:\/\/medicalservice.care\/\"},{\"@type\":\"ListItem\",\"position\":2,\"name\":\"\ud83c\udfc0 Felipe Reyes en la alianza \ud83e\udd1d de Fundaci\u00f3n Real Madrid con Medical Service Care .\"}]},{\"@type\":\"WebSite\",\"@id\":\"https:\/\/medicalservice.care\/#website\",\"url\":\"https:\/\/medicalservice.care\/\",\"name\":\"Medical service\",\"description\":\"Medical Service Care es una empresa especializada en el \u00e1mbito de la gesti\u00f3n integral de servicios m\u00e9dicos, cuya creencia en la labor de equipo le ha llevado, tras varias etapas, a crear un modelo de empresa basado en la fuerza del grupo para la canalizaci\u00f3n de su labor con las m\u00e1ximas garant\u00edas de calidad asistencial.\",\"publisher\":{\"@id\":\"https:\/\/medicalservice.care\/#organization\"},\"potentialAction\":[{\"@type\":\"SearchAction\",\"target\":{\"@type\":\"EntryPoint\",\"urlTemplate\":\"https:\/\/medicalservice.care\/?s={search_term_string}\"},\"query-input\":{\"@type\":\"PropertyValueSpecification\",\"valueRequired\":true,\"valueName\":\"search_term_string\"}}],\"inLanguage\":\"en-GB\"},{\"@type\":\"Organization\",\"@id\":\"https:\/\/medicalservice.care\/#organization\",\"name\":\"Medical service\",\"url\":\"https:\/\/medicalservice.care\/\",\"logo\":{\"@type\":\"ImageObject\",\"inLanguage\":\"en-GB\",\"@id\":\"https:\/\/medicalservice.care\/#\/schema\/logo\/image\/\",\"url\":\"https:\/\/medicalservice.care\/wp-content\/uploads\/2024\/01\/LOGO-Y-REAL-MADRID-DIAPOSITIVA-WEB-1.jpg\",\"contentUrl\":\"https:\/\/medicalservice.care\/wp-content\/uploads\/2024\/01\/LOGO-Y-REAL-MADRID-DIAPOSITIVA-WEB-1.jpg\",\"width\":800,\"height\":115,\"caption\":\"Medical service\"},\"image\":{\"@id\":\"https:\/\/medicalservice.care\/#\/schema\/logo\/image\/\"}},{\"@type\":\"Person\",\"@id\":\"https:\/\/medicalservice.care\/#\/schema\/person\/daafb49dd48392db42492afd909e68f7\",\"name\":\"Elisa Medical\",\"image\":{\"@type\":\"ImageObject\",\"inLanguage\":\"en-GB\",\"@id\":\"https:\/\/secure.gravatar.com\/avatar\/52c9e99ba54904e6210479d7fba16a1d54499b7b423c5fd3bd2a7107b438bb4c?s=96&d=mm&r=g\",\"url\":\"https:\/\/secure.gravatar.com\/avatar\/52c9e99ba54904e6210479d7fba16a1d54499b7b423c5fd3bd2a7107b438bb4c?s=96&d=mm&r=g\",\"contentUrl\":\"https:\/\/secure.gravatar.com\/avatar\/52c9e99ba54904e6210479d7fba16a1d54499b7b423c5fd3bd2a7107b438bb4c?s=96&d=mm&r=g\",\"caption\":\"Elisa Medical\"},\"url\":\"https:\/\/medicalservice.care\/en\/author\/elisa-medical\/\"}]}<\/script>\n<!-- \/ Yoast SEO Premium plugin. -->","yoast_head_json":{"title":"\ud83c\udfc0 Felipe Reyes en la alianza \ud83e\udd1d de Fundaci\u00f3n Real Madrid con Medical Service Care . - Medical service","robots":{"index":"index","follow":"follow","max-snippet":"max-snippet:-1","max-image-preview":"max-image-preview:large","max-video-preview":"max-video-preview:-1"},"canonical":"https:\/\/medicalservice.care\/en\/2024\/04\/19\/7300\/","og_locale":"en_GB","og_type":"article","og_title":"\ud83c\udfc0 Felipe Reyes en la alianza \ud83e\udd1d de Fundaci\u00f3n Real Madrid con Medical Service Care .","og_description":"\ud83c\udfc0 Felipe Reyes en la renovaci\u00f3n de la alianza \ud83e\udd1d de Fundaci\u00f3n Real Madrid con Medical Service Care . \ud83d\ude4c La #Fundaci\u00f3n desarrolla conjuntamente tres actividades del programa de baloncesto en hospitales. \ud83e\udd1d La Fundaci\u00f3n Real Madrid y Medical Service Care renovaron su convenio de #colaboraci\u00f3n para el desarrollo del programa de #baloncesto en hospitales [&hellip;]","og_url":"https:\/\/medicalservice.care\/en\/2024\/04\/19\/7300\/","og_site_name":"Medical service","article_published_time":"2024-04-19T09:39:14+00:00","article_modified_time":"2024-04-19T09:40:36+00:00","og_image":[{"width":2560,"height":1707,"url":"https:\/\/medicalservice.care\/wp-content\/uploads\/2024\/04\/FIRMA-FUNDACION-MEDICAL-SERVICE-CARE_MJ19715-scaled.jpg","type":"image\/jpeg"}],"author":"Elisa Medical","twitter_card":"summary_large_image","twitter_misc":{"Written by":"Elisa Medical","Estimated reading time":"2 minutes"},"schema":{"@context":"https:\/\/schema.org","@graph":[{"@type":"Article","@id":"https:\/\/medicalservice.care\/2024\/04\/19\/7300\/#article","isPartOf":{"@id":"https:\/\/medicalservice.care\/2024\/04\/19\/7300\/"},"author":{"name":"Elisa Medical","@id":"https:\/\/medicalservice.care\/#\/schema\/person\/daafb49dd48392db42492afd909e68f7"},"headline":"\ud83c\udfc0 Felipe Reyes en la alianza \ud83e\udd1d de Fundaci\u00f3n Real Madrid con Medical Service Care .","datePublished":"2024-04-19T09:39:14+00:00","dateModified":"2024-04-19T09:40:36+00:00","mainEntityOfPage":{"@id":"https:\/\/medicalservice.care\/2024\/04\/19\/7300\/"},"wordCount":403,"publisher":{"@id":"https:\/\/medicalservice.care\/#organization"},"image":{"@id":"https:\/\/medicalservice.care\/2024\/04\/19\/7300\/#primaryimage"},"thumbnailUrl":"https:\/\/medicalservice.care\/wp-content\/uploads\/2024\/04\/FIRMA-FUNDACION-MEDICAL-SERVICE-CARE_MJ19635-1024x683.jpg","articleSection":["Noticias","Not\u00edcias"],"inLanguage":"en-GB"},{"@type":"WebPage","@id":"https:\/\/medicalservice.care\/2024\/04\/19\/7300\/","url":"https:\/\/medicalservice.care\/2024\/04\/19\/7300\/","name":"\ud83c\udfc0 Felipe Reyes en la alianza \ud83e\udd1d de Fundaci\u00f3n Real Madrid con Medical Service Care . - Medical service","isPartOf":{"@id":"https:\/\/medicalservice.care\/#website"},"primaryImageOfPage":{"@id":"https:\/\/medicalservice.care\/2024\/04\/19\/7300\/#primaryimage"},"image":{"@id":"https:\/\/medicalservice.care\/2024\/04\/19\/7300\/#primaryimage"},"thumbnailUrl":"https:\/\/medicalservice.care\/wp-content\/uploads\/2024\/04\/FIRMA-FUNDACION-MEDICAL-SERVICE-CARE_MJ19635-1024x683.jpg","datePublished":"2024-04-19T09:39:14+00:00","dateModified":"2024-04-19T09:40:36+00:00","breadcrumb":{"@id":"https:\/\/medicalservice.care\/2024\/04\/19\/7300\/#breadcrumb"},"inLanguage":"en-GB","potentialAction":[{"@type":"ReadAction","target":["https:\/\/medicalservice.care\/2024\/04\/19\/7300\/"]}]},{"@type":"ImageObject","inLanguage":"en-GB","@id":"https:\/\/medicalservice.care\/2024\/04\/19\/7300\/#primaryimage","url":"https:\/\/medicalservice.care\/wp-content\/uploads\/2024\/04\/FIRMA-FUNDACION-MEDICAL-SERVICE-CARE_MJ19635-1024x683.jpg","contentUrl":"https:\/\/medicalservice.care\/wp-content\/uploads\/2024\/04\/FIRMA-FUNDACION-MEDICAL-SERVICE-CARE_MJ19635-1024x683.jpg"},{"@type":"BreadcrumbList","@id":"https:\/\/medicalservice.care\/2024\/04\/19\/7300\/#breadcrumb","itemListElement":[{"@type":"ListItem","position":1,"name":"Portada","item":"https:\/\/medicalservice.care\/"},{"@type":"ListItem","position":2,"name":"\ud83c\udfc0 Felipe Reyes en la alianza \ud83e\udd1d de Fundaci\u00f3n Real Madrid con Medical Service Care ."}]},{"@type":"WebSite","@id":"https:\/\/medicalservice.care\/#website","url":"https:\/\/medicalservice.care\/","name":"Medical service","description":"Medical Service Care is a company specializing in the field of comprehensive management of medical services, whose belief in teamwork has led it, after several stages, to create a business model based on the strength of the group to channel its work with the highest guarantees of quality care.","publisher":{"@id":"https:\/\/medicalservice.care\/#organization"},"potentialAction":[{"@type":"SearchAction","target":{"@type":"EntryPoint","urlTemplate":"https:\/\/medicalservice.care\/?s={search_term_string}"},"query-input":{"@type":"PropertyValueSpecification","valueRequired":true,"valueName":"search_term_string"}}],"inLanguage":"en-GB"},{"@type":"Organization","@id":"https:\/\/medicalservice.care\/#organization","name":"Medical service","url":"https:\/\/medicalservice.care\/","logo":{"@type":"ImageObject","inLanguage":"en-GB","@id":"https:\/\/medicalservice.care\/#\/schema\/logo\/image\/","url":"https:\/\/medicalservice.care\/wp-content\/uploads\/2024\/01\/LOGO-Y-REAL-MADRID-DIAPOSITIVA-WEB-1.jpg","contentUrl":"https:\/\/medicalservice.care\/wp-content\/uploads\/2024\/01\/LOGO-Y-REAL-MADRID-DIAPOSITIVA-WEB-1.jpg","width":800,"height":115,"caption":"Medical service"},"image":{"@id":"https:\/\/medicalservice.care\/#\/schema\/logo\/image\/"}},{"@type":"Person","@id":"https:\/\/medicalservice.care\/#\/schema\/person\/daafb49dd48392db42492afd909e68f7","name":"Elisa Medical","image":{"@type":"ImageObject","inLanguage":"en-GB","@id":"https:\/\/secure.gravatar.com\/avatar\/52c9e99ba54904e6210479d7fba16a1d54499b7b423c5fd3bd2a7107b438bb4c?s=96&d=mm&r=g","url":"https:\/\/secure.gravatar.com\/avatar\/52c9e99ba54904e6210479d7fba16a1d54499b7b423c5fd3bd2a7107b438bb4c?s=96&d=mm&r=g","contentUrl":"https:\/\/secure.gravatar.com\/avatar\/52c9e99ba54904e6210479d7fba16a1d54499b7b423c5fd3bd2a7107b438bb4c?s=96&d=mm&r=g","caption":"Elisa Medical"},"url":"https:\/\/medicalservice.care\/en\/author\/elisa-medical\/"}]}},"_links":{"self":[{"href":"https:\/\/medicalservice.care\/en\/wp-json\/wp\/v2\/posts\/7300","targetHints":{"allow":["GET"]}}],"collection":[{"href":"https:\/\/medicalservice.care\/en\/wp-json\/wp\/v2\/posts"}],"about":[{"href":"https:\/\/medicalservice.care\/en\/wp-json\/wp\/v2\/types\/post"}],"author":[{"embeddable":true,"href":"https:\/\/medicalservice.care\/en\/wp-json\/wp\/v2\/users\/5"}],"replies":[{"embeddable":true,"href":"https:\/\/medicalservice.care\/en\/wp-json\/wp\/v2\/comments?post=7300"}],"version-history":[{"count":2,"href":"https:\/\/medicalservice.care\/en\/wp-json\/wp\/v2\/posts\/7300\/revisions"}],"predecessor-version":[{"id":7313,"href":"https:\/\/medicalservice.care\/en\/wp-json\/wp\/v2\/posts\/7300\/revisions\/7313"}],"wp:attachment":[{"href":"https:\/\/medicalservice.care\/en\/wp-json\/wp\/v2\/media?parent=7300"}],"wp:term":[{"taxonomy":"category","embeddable":true,"href":"https:\/\/medicalservice.care\/en\/wp-json\/wp\/v2\/categories?post=7300"},{"taxonomy":"post_tag","embeddable":true,"href":"https:\/\/medicalservice.care\/en\/wp-json\/wp\/v2\/tags?post=7300"}],"curies":[{"name":"wp","href":"https:\/\/api.w.org\/{rel}","templated":true}]}}