{"id":7385,"date":"2024-05-23T09:44:15","date_gmt":"2024-05-23T08:44:15","guid":{"rendered":"https:\/\/www.medicalservice.care\/?p=7385"},"modified":"2024-05-23T09:46:04","modified_gmt":"2024-05-23T08:46:04","slug":"medical-service-care-recibe-el-reconocimiento-de-la-real-federacion-espanola-de-judo-y-deportes-asociados","status":"publish","type":"post","link":"https:\/\/medicalservice.care\/en\/2024\/05\/23\/medical-service-care-recibe-el-reconocimiento-de-la-real-federacion-espanola-de-judo-y-deportes-asociados\/","title":{"rendered":"\ud835\udde0\ud835\uddf2\ud835\uddf1\ud835\uddf6\ud835\uddf0\ud835\uddee\ud835\uddf9 \ud835\udde6\ud835\uddf2\ud835\uddff\ud835\ude03\ud835\uddf6\ud835\uddf0\ud835\uddf2 \ud835\uddd6\ud835\uddee\ud835\uddff\ud835\uddf2 recibe el reconocimiento de la Real Federaci\u00f3n Espa\u00f1ola de Judo y Deportes Asociados."},"content":{"rendered":"\n<p>El pasado domingo, 19 de Mayo , la Real Federaci\u00f3n Espa\u00f1ola de Judo y Deportes Asociados otorg\u00f3 un reconocimiento a Medical Service Care por su destacada labor asistencial durante los \u00faltimos 20 a\u00f1os. En una ceremonia significativa, la Federaci\u00f3n Espa\u00f1ola de Judo ha reconocido la labor excepcional de Medical Service Care, conmemorando los a\u00f1os de servicio <a><\/a>asistencial de manera ininterrumpida.<\/p>\n\n\n\n<p>El reconocimiento <img decoding=\"async\" height=\"16\" width=\"16\" alt=\"\ud83c\udfc6\" src=\"https:\/\/medicalservice.care\/wp-content\/uploads\/2024\/05\/1f3c6.png\"> fue otorgado por D.Seraf\u00edn Arag\u00fcete, secretario de la Federaci\u00f3n Espa\u00f1ola de Judo, al Dr. Jose Muriana, nuestro consejero delegado. La ceremonia se llev\u00f3 a cabo durante la European Cup Junior, que se est\u00e1 celebrando estos d\u00edas en M\u00e1laga.<\/p>\n\n\n\n<p><img decoding=\"async\" height=\"16\" width=\"16\" alt=\"\ud83d\ude4f\" src=\"https:\/\/medicalservice.care\/wp-content\/uploads\/2024\/05\/1f64f.png\"> Desde Medical Service Care, estamos inmensamente agradecidos por este <a href=\"https:\/\/www.facebook.com\/hashtag\/reconocimiento?__eep__=6&amp;__cft__[0]=AZXXWh016aLP6UgyL9zSaRvqiLUlHrQrg-2HqlSL6CEH0YScqkH9eMJSVwaWHPhYZYeo2gOiBFsPLUCKJWR723YxXF3hpyL_RLfk4MVTJdsnWt-muJKxUFdkH6kzNSlRSyadV2JJIsVeTwyfqWZ8ddLbcZI8IlyUICOA0OVOPd86210nSQ0qco4bSFBfW0V6nMYTu8Zf2zgQ3cldnxUX8Kzh&amp;__tn__=*NK-R\">#reconocimiento<\/a> que nos honra y nos motiva a seguir adelante con nuestro compromiso de apoyo al <a href=\"https:\/\/www.facebook.com\/hashtag\/deporte?__eep__=6&amp;__cft__[0]=AZXXWh016aLP6UgyL9zSaRvqiLUlHrQrg-2HqlSL6CEH0YScqkH9eMJSVwaWHPhYZYeo2gOiBFsPLUCKJWR723YxXF3hpyL_RLfk4MVTJdsnWt-muJKxUFdkH6kzNSlRSyadV2JJIsVeTwyfqWZ8ddLbcZI8IlyUICOA0OVOPd86210nSQ0qco4bSFBfW0V6nMYTu8Zf2zgQ3cldnxUX8Kzh&amp;__tn__=*NK-R\">#deporte<\/a>. Este premio simboliza la dedicaci\u00f3n y el esfuerzo continuo de la empresa por la <a href=\"https:\/\/www.facebook.com\/hashtag\/salud?__eep__=6&amp;__cft__[0]=AZXXWh016aLP6UgyL9zSaRvqiLUlHrQrg-2HqlSL6CEH0YScqkH9eMJSVwaWHPhYZYeo2gOiBFsPLUCKJWR723YxXF3hpyL_RLfk4MVTJdsnWt-muJKxUFdkH6kzNSlRSyadV2JJIsVeTwyfqWZ8ddLbcZI8IlyUICOA0OVOPd86210nSQ0qco4bSFBfW0V6nMYTu8Zf2zgQ3cldnxUX8Kzh&amp;__tn__=*NK-R\">#salud<\/a> de los <a href=\"https:\/\/www.facebook.com\/hashtag\/judocas?__eep__=6&amp;__cft__[0]=AZXXWh016aLP6UgyL9zSaRvqiLUlHrQrg-2HqlSL6CEH0YScqkH9eMJSVwaWHPhYZYeo2gOiBFsPLUCKJWR723YxXF3hpyL_RLfk4MVTJdsnWt-muJKxUFdkH6kzNSlRSyadV2JJIsVeTwyfqWZ8ddLbcZI8IlyUICOA0OVOPd86210nSQ0qco4bSFBfW0V6nMYTu8Zf2zgQ3cldnxUX8Kzh&amp;__tn__=*NK-R\">#judocas<\/a> y el deporte espa\u00f1ol, y representa la s\u00f3lida colaboraci\u00f3n entre ambas instituciones.<\/p>\n\n\n\n<p>Con este <a href=\"https:\/\/www.facebook.com\/hashtag\/premio?__eep__=6&amp;__cft__[0]=AZXXWh016aLP6UgyL9zSaRvqiLUlHrQrg-2HqlSL6CEH0YScqkH9eMJSVwaWHPhYZYeo2gOiBFsPLUCKJWR723YxXF3hpyL_RLfk4MVTJdsnWt-muJKxUFdkH6kzNSlRSyadV2JJIsVeTwyfqWZ8ddLbcZI8IlyUICOA0OVOPd86210nSQ0qco4bSFBfW0V6nMYTu8Zf2zgQ3cldnxUX8Kzh&amp;__tn__=*NK-R\">#premio<\/a><img decoding=\"async\" height=\"16\" width=\"16\" src=\"https:\/\/medicalservice.care\/wp-content\/uploads\/2024\/05\/1f64f.png\" alt=\"\ud83d\ude4f\"> , la Federaci\u00f3n Espa\u00f1ola de Judo <img loading=\"lazy\" decoding=\"async\" height=\"16\" width=\"16\" src=\"https:\/\/medicalservice.care\/wp-content\/uploads\/2024\/05\/1f94b.png\" alt=\"\ud83e\udd4b\"> no solo celebra una asociaci\u00f3n de dos d\u00e9cadas, sino que tambi\u00e9n destaca la importancia de la salud y el bienestar en el alto rendimiento deportivo.<\/p>\n\n\n\n<figure class=\"wp-block-image size-large\"><img loading=\"lazy\" decoding=\"async\" width=\"1024\" height=\"700\" src=\"https:\/\/medicalservice.care\/wp-content\/uploads\/2024\/05\/445000804_1001764015283429_259765274645487019_n-1024x700.jpg\" alt=\"\" class=\"wp-image-7387\" srcset=\"https:\/\/medicalservice.care\/wp-content\/uploads\/2024\/05\/445000804_1001764015283429_259765274645487019_n-1024x700.jpg 1024w, https:\/\/medicalservice.care\/wp-content\/uploads\/2024\/05\/445000804_1001764015283429_259765274645487019_n-300x205.jpg 300w, https:\/\/medicalservice.care\/wp-content\/uploads\/2024\/05\/445000804_1001764015283429_259765274645487019_n-768x525.jpg 768w, https:\/\/medicalservice.care\/wp-content\/uploads\/2024\/05\/445000804_1001764015283429_259765274645487019_n-1536x1050.jpg 1536w, https:\/\/medicalservice.care\/wp-content\/uploads\/2024\/05\/445000804_1001764015283429_259765274645487019_n.jpg 1600w\" sizes=\"(max-width: 1024px) 100vw, 1024px\" \/><\/figure>\n\n\n\n<figure class=\"wp-block-image size-full\"><img loading=\"lazy\" decoding=\"async\" width=\"810\" height=\"810\" src=\"https:\/\/medicalservice.care\/wp-content\/uploads\/2024\/05\/Sin-titulo-1.png\" alt=\"\" class=\"wp-image-7388\" srcset=\"https:\/\/medicalservice.care\/wp-content\/uploads\/2024\/05\/Sin-titulo-1.png 810w, https:\/\/medicalservice.care\/wp-content\/uploads\/2024\/05\/Sin-titulo-1-300x300.png 300w, https:\/\/medicalservice.care\/wp-content\/uploads\/2024\/05\/Sin-titulo-1-150x150.png 150w, https:\/\/medicalservice.care\/wp-content\/uploads\/2024\/05\/Sin-titulo-1-768x768.png 768w\" sizes=\"(max-width: 810px) 100vw, 810px\" \/><\/figure>\n","protected":false},"excerpt":{"rendered":"<p>El pasado domingo, 19 de Mayo , la Real Federaci\u00f3n Espa\u00f1ola de Judo y Deportes Asociados otorg\u00f3 un reconocimiento a Medical Service Care por su destacada labor asistencial durante los \u00faltimos 20 a\u00f1os. En una ceremonia significativa, la Federaci\u00f3n Espa\u00f1ola de Judo ha reconocido la labor excepcional de Medical Service Care, conmemorando los a\u00f1os de [&hellip;]<\/p>\n","protected":false},"author":5,"featured_media":7386,"comment_status":"closed","ping_status":"closed","sticky":false,"template":"","format":"standard","meta":{"footnotes":""},"categories":[5],"tags":[],"class_list":["post-7385","post","type-post","status-publish","format-standard","has-post-thumbnail","hentry","category-noticias-pt"],"yoast_head":"<!-- This site is optimized with the Yoast SEO Premium plugin v23.5 (Yoast SEO v27.2) - https:\/\/yoast.com\/product\/yoast-seo-premium-wordpress\/ -->\n<title>\ud835\udde0\ud835\uddf2\ud835\uddf1\ud835\uddf6\ud835\uddf0\ud835\uddee\ud835\uddf9 \ud835\udde6\ud835\uddf2\ud835\uddff\ud835\ude03\ud835\uddf6\ud835\uddf0\ud835\uddf2 \ud835\uddd6\ud835\uddee\ud835\uddff\ud835\uddf2 recibe el reconocimiento de la Real Federaci\u00f3n Espa\u00f1ola de Judo y Deportes Asociados. - Medical service<\/title>\n<meta name=\"robots\" content=\"index, follow, max-snippet:-1, max-image-preview:large, max-video-preview:-1\" \/>\n<link rel=\"canonical\" href=\"https:\/\/medicalservice.care\/en\/2024\/05\/23\/medical-service-care-recibe-el-reconocimiento-de-la-real-federacion-espanola-de-judo-y-deportes-asociados\/\" \/>\n<meta property=\"og:locale\" content=\"en_GB\" \/>\n<meta property=\"og:type\" content=\"article\" \/>\n<meta property=\"og:title\" content=\"\ud835\udde0\ud835\uddf2\ud835\uddf1\ud835\uddf6\ud835\uddf0\ud835\uddee\ud835\uddf9 \ud835\udde6\ud835\uddf2\ud835\uddff\ud835\ude03\ud835\uddf6\ud835\uddf0\ud835\uddf2 \ud835\uddd6\ud835\uddee\ud835\uddff\ud835\uddf2 recibe el reconocimiento de la Real Federaci\u00f3n Espa\u00f1ola de Judo y Deportes Asociados.\" \/>\n<meta property=\"og:description\" content=\"El pasado domingo, 19 de Mayo , la Real Federaci\u00f3n Espa\u00f1ola de Judo y Deportes Asociados otorg\u00f3 un reconocimiento a Medical Service Care por su destacada labor asistencial durante los \u00faltimos 20 a\u00f1os. En una ceremonia significativa, la Federaci\u00f3n Espa\u00f1ola de Judo ha reconocido la labor excepcional de Medical Service Care, conmemorando los a\u00f1os de [&hellip;]\" \/>\n<meta property=\"og:url\" content=\"https:\/\/medicalservice.care\/en\/2024\/05\/23\/medical-service-care-recibe-el-reconocimiento-de-la-real-federacion-espanola-de-judo-y-deportes-asociados\/\" \/>\n<meta property=\"og:site_name\" content=\"Medical service\" \/>\n<meta property=\"article:published_time\" content=\"2024-05-23T08:44:15+00:00\" \/>\n<meta property=\"article:modified_time\" content=\"2024-05-23T08:46:04+00:00\" \/>\n<meta property=\"og:image\" content=\"https:\/\/medicalservice.care\/wp-content\/uploads\/2024\/05\/444482015_1001764041950093_458709186915180194_n.jpg\" \/>\n\t<meta property=\"og:image:width\" content=\"1600\" \/>\n\t<meta property=\"og:image:height\" content=\"1064\" \/>\n\t<meta property=\"og:image:type\" content=\"image\/jpeg\" \/>\n<meta name=\"author\" content=\"Elisa Medical\" \/>\n<meta name=\"twitter:card\" content=\"summary_large_image\" \/>\n<meta name=\"twitter:label1\" content=\"Written by\" \/>\n\t<meta name=\"twitter:data1\" content=\"Elisa Medical\" \/>\n\t<meta name=\"twitter:label2\" content=\"Estimated reading time\" \/>\n\t<meta name=\"twitter:data2\" content=\"1 minute\" \/>\n<script type=\"application\/ld+json\" class=\"yoast-schema-graph\">{\"@context\":\"https:\/\/schema.org\",\"@graph\":[{\"@type\":\"Article\",\"@id\":\"https:\/\/medicalservice.care\/2024\/05\/23\/medical-service-care-recibe-el-reconocimiento-de-la-real-federacion-espanola-de-judo-y-deportes-asociados\/#article\",\"isPartOf\":{\"@id\":\"https:\/\/medicalservice.care\/2024\/05\/23\/medical-service-care-recibe-el-reconocimiento-de-la-real-federacion-espanola-de-judo-y-deportes-asociados\/\"},\"author\":{\"name\":\"Elisa Medical\",\"@id\":\"https:\/\/medicalservice.care\/#\/schema\/person\/daafb49dd48392db42492afd909e68f7\"},\"headline\":\"\ud835\udde0\ud835\uddf2\ud835\uddf1\ud835\uddf6\ud835\uddf0\ud835\uddee\ud835\uddf9 \ud835\udde6\ud835\uddf2\ud835\uddff\ud835\ude03\ud835\uddf6\ud835\uddf0\ud835\uddf2 \ud835\uddd6\ud835\uddee\ud835\uddff\ud835\uddf2 recibe el reconocimiento de la Real Federaci\u00f3n Espa\u00f1ola de Judo y Deportes Asociados.\",\"datePublished\":\"2024-05-23T08:44:15+00:00\",\"dateModified\":\"2024-05-23T08:46:04+00:00\",\"mainEntityOfPage\":{\"@id\":\"https:\/\/medicalservice.care\/2024\/05\/23\/medical-service-care-recibe-el-reconocimiento-de-la-real-federacion-espanola-de-judo-y-deportes-asociados\/\"},\"wordCount\":223,\"publisher\":{\"@id\":\"https:\/\/medicalservice.care\/#organization\"},\"image\":{\"@id\":\"https:\/\/medicalservice.care\/2024\/05\/23\/medical-service-care-recibe-el-reconocimiento-de-la-real-federacion-espanola-de-judo-y-deportes-asociados\/#primaryimage\"},\"thumbnailUrl\":\"https:\/\/medicalservice.care\/wp-content\/uploads\/2024\/05\/444482015_1001764041950093_458709186915180194_n.jpg\",\"articleSection\":[\"Not\u00edcias\"],\"inLanguage\":\"en-GB\"},{\"@type\":\"WebPage\",\"@id\":\"https:\/\/medicalservice.care\/2024\/05\/23\/medical-service-care-recibe-el-reconocimiento-de-la-real-federacion-espanola-de-judo-y-deportes-asociados\/\",\"url\":\"https:\/\/medicalservice.care\/2024\/05\/23\/medical-service-care-recibe-el-reconocimiento-de-la-real-federacion-espanola-de-judo-y-deportes-asociados\/\",\"name\":\"\ud835\udde0\ud835\uddf2\ud835\uddf1\ud835\uddf6\ud835\uddf0\ud835\uddee\ud835\uddf9 \ud835\udde6\ud835\uddf2\ud835\uddff\ud835\ude03\ud835\uddf6\ud835\uddf0\ud835\uddf2 \ud835\uddd6\ud835\uddee\ud835\uddff\ud835\uddf2 recibe el reconocimiento de la Real Federaci\u00f3n Espa\u00f1ola de Judo y Deportes Asociados. - Medical service\",\"isPartOf\":{\"@id\":\"https:\/\/medicalservice.care\/#website\"},\"primaryImageOfPage\":{\"@id\":\"https:\/\/medicalservice.care\/2024\/05\/23\/medical-service-care-recibe-el-reconocimiento-de-la-real-federacion-espanola-de-judo-y-deportes-asociados\/#primaryimage\"},\"image\":{\"@id\":\"https:\/\/medicalservice.care\/2024\/05\/23\/medical-service-care-recibe-el-reconocimiento-de-la-real-federacion-espanola-de-judo-y-deportes-asociados\/#primaryimage\"},\"thumbnailUrl\":\"https:\/\/medicalservice.care\/wp-content\/uploads\/2024\/05\/444482015_1001764041950093_458709186915180194_n.jpg\",\"datePublished\":\"2024-05-23T08:44:15+00:00\",\"dateModified\":\"2024-05-23T08:46:04+00:00\",\"breadcrumb\":{\"@id\":\"https:\/\/medicalservice.care\/2024\/05\/23\/medical-service-care-recibe-el-reconocimiento-de-la-real-federacion-espanola-de-judo-y-deportes-asociados\/#breadcrumb\"},\"inLanguage\":\"en-GB\",\"potentialAction\":[{\"@type\":\"ReadAction\",\"target\":[\"https:\/\/medicalservice.care\/2024\/05\/23\/medical-service-care-recibe-el-reconocimiento-de-la-real-federacion-espanola-de-judo-y-deportes-asociados\/\"]}]},{\"@type\":\"ImageObject\",\"inLanguage\":\"en-GB\",\"@id\":\"https:\/\/medicalservice.care\/2024\/05\/23\/medical-service-care-recibe-el-reconocimiento-de-la-real-federacion-espanola-de-judo-y-deportes-asociados\/#primaryimage\",\"url\":\"https:\/\/medicalservice.care\/wp-content\/uploads\/2024\/05\/444482015_1001764041950093_458709186915180194_n.jpg\",\"contentUrl\":\"https:\/\/medicalservice.care\/wp-content\/uploads\/2024\/05\/444482015_1001764041950093_458709186915180194_n.jpg\",\"width\":1600,\"height\":1064},{\"@type\":\"BreadcrumbList\",\"@id\":\"https:\/\/medicalservice.care\/2024\/05\/23\/medical-service-care-recibe-el-reconocimiento-de-la-real-federacion-espanola-de-judo-y-deportes-asociados\/#breadcrumb\",\"itemListElement\":[{\"@type\":\"ListItem\",\"position\":1,\"name\":\"Portada\",\"item\":\"https:\/\/medicalservice.care\/\"},{\"@type\":\"ListItem\",\"position\":2,\"name\":\"\ud835\udde0\ud835\uddf2\ud835\uddf1\ud835\uddf6\ud835\uddf0\ud835\uddee\ud835\uddf9 \ud835\udde6\ud835\uddf2\ud835\uddff\ud835\ude03\ud835\uddf6\ud835\uddf0\ud835\uddf2 \ud835\uddd6\ud835\uddee\ud835\uddff\ud835\uddf2 recibe el reconocimiento de la Real Federaci\u00f3n Espa\u00f1ola de Judo y Deportes Asociados.\"}]},{\"@type\":\"WebSite\",\"@id\":\"https:\/\/medicalservice.care\/#website\",\"url\":\"https:\/\/medicalservice.care\/\",\"name\":\"Medical service\",\"description\":\"Medical Service Care es una empresa especializada en el \u00e1mbito de la gesti\u00f3n integral de servicios m\u00e9dicos, cuya creencia en la labor de equipo le ha llevado, tras varias etapas, a crear un modelo de empresa basado en la fuerza del grupo para la canalizaci\u00f3n de su labor con las m\u00e1ximas garant\u00edas de calidad asistencial.\",\"publisher\":{\"@id\":\"https:\/\/medicalservice.care\/#organization\"},\"potentialAction\":[{\"@type\":\"SearchAction\",\"target\":{\"@type\":\"EntryPoint\",\"urlTemplate\":\"https:\/\/medicalservice.care\/?s={search_term_string}\"},\"query-input\":{\"@type\":\"PropertyValueSpecification\",\"valueRequired\":true,\"valueName\":\"search_term_string\"}}],\"inLanguage\":\"en-GB\"},{\"@type\":\"Organization\",\"@id\":\"https:\/\/medicalservice.care\/#organization\",\"name\":\"Medical service\",\"url\":\"https:\/\/medicalservice.care\/\",\"logo\":{\"@type\":\"ImageObject\",\"inLanguage\":\"en-GB\",\"@id\":\"https:\/\/medicalservice.care\/#\/schema\/logo\/image\/\",\"url\":\"https:\/\/medicalservice.care\/wp-content\/uploads\/2024\/01\/LOGO-Y-REAL-MADRID-DIAPOSITIVA-WEB-1.jpg\",\"contentUrl\":\"https:\/\/medicalservice.care\/wp-content\/uploads\/2024\/01\/LOGO-Y-REAL-MADRID-DIAPOSITIVA-WEB-1.jpg\",\"width\":800,\"height\":115,\"caption\":\"Medical service\"},\"image\":{\"@id\":\"https:\/\/medicalservice.care\/#\/schema\/logo\/image\/\"}},{\"@type\":\"Person\",\"@id\":\"https:\/\/medicalservice.care\/#\/schema\/person\/daafb49dd48392db42492afd909e68f7\",\"name\":\"Elisa Medical\",\"image\":{\"@type\":\"ImageObject\",\"inLanguage\":\"en-GB\",\"@id\":\"https:\/\/secure.gravatar.com\/avatar\/52c9e99ba54904e6210479d7fba16a1d54499b7b423c5fd3bd2a7107b438bb4c?s=96&d=mm&r=g\",\"url\":\"https:\/\/secure.gravatar.com\/avatar\/52c9e99ba54904e6210479d7fba16a1d54499b7b423c5fd3bd2a7107b438bb4c?s=96&d=mm&r=g\",\"contentUrl\":\"https:\/\/secure.gravatar.com\/avatar\/52c9e99ba54904e6210479d7fba16a1d54499b7b423c5fd3bd2a7107b438bb4c?s=96&d=mm&r=g\",\"caption\":\"Elisa Medical\"},\"url\":\"https:\/\/medicalservice.care\/en\/author\/elisa-medical\/\"}]}<\/script>\n<!-- \/ Yoast SEO Premium plugin. -->","yoast_head_json":{"title":"\ud835\udde0\ud835\uddf2\ud835\uddf1\ud835\uddf6\ud835\uddf0\ud835\uddee\ud835\uddf9 \ud835\udde6\ud835\uddf2\ud835\uddff\ud835\ude03\ud835\uddf6\ud835\uddf0\ud835\uddf2 \ud835\uddd6\ud835\uddee\ud835\uddff\ud835\uddf2 recibe el reconocimiento de la Real Federaci\u00f3n Espa\u00f1ola de Judo y Deportes Asociados. - Medical service","robots":{"index":"index","follow":"follow","max-snippet":"max-snippet:-1","max-image-preview":"max-image-preview:large","max-video-preview":"max-video-preview:-1"},"canonical":"https:\/\/medicalservice.care\/en\/2024\/05\/23\/medical-service-care-recibe-el-reconocimiento-de-la-real-federacion-espanola-de-judo-y-deportes-asociados\/","og_locale":"en_GB","og_type":"article","og_title":"\ud835\udde0\ud835\uddf2\ud835\uddf1\ud835\uddf6\ud835\uddf0\ud835\uddee\ud835\uddf9 \ud835\udde6\ud835\uddf2\ud835\uddff\ud835\ude03\ud835\uddf6\ud835\uddf0\ud835\uddf2 \ud835\uddd6\ud835\uddee\ud835\uddff\ud835\uddf2 recibe el reconocimiento de la Real Federaci\u00f3n Espa\u00f1ola de Judo y Deportes Asociados.","og_description":"El pasado domingo, 19 de Mayo , la Real Federaci\u00f3n Espa\u00f1ola de Judo y Deportes Asociados otorg\u00f3 un reconocimiento a Medical Service Care por su destacada labor asistencial durante los \u00faltimos 20 a\u00f1os. En una ceremonia significativa, la Federaci\u00f3n Espa\u00f1ola de Judo ha reconocido la labor excepcional de Medical Service Care, conmemorando los a\u00f1os de [&hellip;]","og_url":"https:\/\/medicalservice.care\/en\/2024\/05\/23\/medical-service-care-recibe-el-reconocimiento-de-la-real-federacion-espanola-de-judo-y-deportes-asociados\/","og_site_name":"Medical service","article_published_time":"2024-05-23T08:44:15+00:00","article_modified_time":"2024-05-23T08:46:04+00:00","og_image":[{"width":1600,"height":1064,"url":"https:\/\/medicalservice.care\/wp-content\/uploads\/2024\/05\/444482015_1001764041950093_458709186915180194_n.jpg","type":"image\/jpeg"}],"author":"Elisa Medical","twitter_card":"summary_large_image","twitter_misc":{"Written by":"Elisa Medical","Estimated reading time":"1 minute"},"schema":{"@context":"https:\/\/schema.org","@graph":[{"@type":"Article","@id":"https:\/\/medicalservice.care\/2024\/05\/23\/medical-service-care-recibe-el-reconocimiento-de-la-real-federacion-espanola-de-judo-y-deportes-asociados\/#article","isPartOf":{"@id":"https:\/\/medicalservice.care\/2024\/05\/23\/medical-service-care-recibe-el-reconocimiento-de-la-real-federacion-espanola-de-judo-y-deportes-asociados\/"},"author":{"name":"Elisa Medical","@id":"https:\/\/medicalservice.care\/#\/schema\/person\/daafb49dd48392db42492afd909e68f7"},"headline":"\ud835\udde0\ud835\uddf2\ud835\uddf1\ud835\uddf6\ud835\uddf0\ud835\uddee\ud835\uddf9 \ud835\udde6\ud835\uddf2\ud835\uddff\ud835\ude03\ud835\uddf6\ud835\uddf0\ud835\uddf2 \ud835\uddd6\ud835\uddee\ud835\uddff\ud835\uddf2 recibe el reconocimiento de la Real Federaci\u00f3n Espa\u00f1ola de Judo y Deportes Asociados.","datePublished":"2024-05-23T08:44:15+00:00","dateModified":"2024-05-23T08:46:04+00:00","mainEntityOfPage":{"@id":"https:\/\/medicalservice.care\/2024\/05\/23\/medical-service-care-recibe-el-reconocimiento-de-la-real-federacion-espanola-de-judo-y-deportes-asociados\/"},"wordCount":223,"publisher":{"@id":"https:\/\/medicalservice.care\/#organization"},"image":{"@id":"https:\/\/medicalservice.care\/2024\/05\/23\/medical-service-care-recibe-el-reconocimiento-de-la-real-federacion-espanola-de-judo-y-deportes-asociados\/#primaryimage"},"thumbnailUrl":"https:\/\/medicalservice.care\/wp-content\/uploads\/2024\/05\/444482015_1001764041950093_458709186915180194_n.jpg","articleSection":["Not\u00edcias"],"inLanguage":"en-GB"},{"@type":"WebPage","@id":"https:\/\/medicalservice.care\/2024\/05\/23\/medical-service-care-recibe-el-reconocimiento-de-la-real-federacion-espanola-de-judo-y-deportes-asociados\/","url":"https:\/\/medicalservice.care\/2024\/05\/23\/medical-service-care-recibe-el-reconocimiento-de-la-real-federacion-espanola-de-judo-y-deportes-asociados\/","name":"\ud835\udde0\ud835\uddf2\ud835\uddf1\ud835\uddf6\ud835\uddf0\ud835\uddee\ud835\uddf9 \ud835\udde6\ud835\uddf2\ud835\uddff\ud835\ude03\ud835\uddf6\ud835\uddf0\ud835\uddf2 \ud835\uddd6\ud835\uddee\ud835\uddff\ud835\uddf2 recibe el reconocimiento de la Real Federaci\u00f3n Espa\u00f1ola de Judo y Deportes Asociados. - Medical service","isPartOf":{"@id":"https:\/\/medicalservice.care\/#website"},"primaryImageOfPage":{"@id":"https:\/\/medicalservice.care\/2024\/05\/23\/medical-service-care-recibe-el-reconocimiento-de-la-real-federacion-espanola-de-judo-y-deportes-asociados\/#primaryimage"},"image":{"@id":"https:\/\/medicalservice.care\/2024\/05\/23\/medical-service-care-recibe-el-reconocimiento-de-la-real-federacion-espanola-de-judo-y-deportes-asociados\/#primaryimage"},"thumbnailUrl":"https:\/\/medicalservice.care\/wp-content\/uploads\/2024\/05\/444482015_1001764041950093_458709186915180194_n.jpg","datePublished":"2024-05-23T08:44:15+00:00","dateModified":"2024-05-23T08:46:04+00:00","breadcrumb":{"@id":"https:\/\/medicalservice.care\/2024\/05\/23\/medical-service-care-recibe-el-reconocimiento-de-la-real-federacion-espanola-de-judo-y-deportes-asociados\/#breadcrumb"},"inLanguage":"en-GB","potentialAction":[{"@type":"ReadAction","target":["https:\/\/medicalservice.care\/2024\/05\/23\/medical-service-care-recibe-el-reconocimiento-de-la-real-federacion-espanola-de-judo-y-deportes-asociados\/"]}]},{"@type":"ImageObject","inLanguage":"en-GB","@id":"https:\/\/medicalservice.care\/2024\/05\/23\/medical-service-care-recibe-el-reconocimiento-de-la-real-federacion-espanola-de-judo-y-deportes-asociados\/#primaryimage","url":"https:\/\/medicalservice.care\/wp-content\/uploads\/2024\/05\/444482015_1001764041950093_458709186915180194_n.jpg","contentUrl":"https:\/\/medicalservice.care\/wp-content\/uploads\/2024\/05\/444482015_1001764041950093_458709186915180194_n.jpg","width":1600,"height":1064},{"@type":"BreadcrumbList","@id":"https:\/\/medicalservice.care\/2024\/05\/23\/medical-service-care-recibe-el-reconocimiento-de-la-real-federacion-espanola-de-judo-y-deportes-asociados\/#breadcrumb","itemListElement":[{"@type":"ListItem","position":1,"name":"Portada","item":"https:\/\/medicalservice.care\/"},{"@type":"ListItem","position":2,"name":"\ud835\udde0\ud835\uddf2\ud835\uddf1\ud835\uddf6\ud835\uddf0\ud835\uddee\ud835\uddf9 \ud835\udde6\ud835\uddf2\ud835\uddff\ud835\ude03\ud835\uddf6\ud835\uddf0\ud835\uddf2 \ud835\uddd6\ud835\uddee\ud835\uddff\ud835\uddf2 recibe el reconocimiento de la Real Federaci\u00f3n Espa\u00f1ola de Judo y Deportes Asociados."}]},{"@type":"WebSite","@id":"https:\/\/medicalservice.care\/#website","url":"https:\/\/medicalservice.care\/","name":"Medical service","description":"Medical Service Care is a company specializing in the field of comprehensive management of medical services, whose belief in teamwork has led it, after several stages, to create a business model based on the strength of the group to channel its work with the highest guarantees of quality care.","publisher":{"@id":"https:\/\/medicalservice.care\/#organization"},"potentialAction":[{"@type":"SearchAction","target":{"@type":"EntryPoint","urlTemplate":"https:\/\/medicalservice.care\/?s={search_term_string}"},"query-input":{"@type":"PropertyValueSpecification","valueRequired":true,"valueName":"search_term_string"}}],"inLanguage":"en-GB"},{"@type":"Organization","@id":"https:\/\/medicalservice.care\/#organization","name":"Medical service","url":"https:\/\/medicalservice.care\/","logo":{"@type":"ImageObject","inLanguage":"en-GB","@id":"https:\/\/medicalservice.care\/#\/schema\/logo\/image\/","url":"https:\/\/medicalservice.care\/wp-content\/uploads\/2024\/01\/LOGO-Y-REAL-MADRID-DIAPOSITIVA-WEB-1.jpg","contentUrl":"https:\/\/medicalservice.care\/wp-content\/uploads\/2024\/01\/LOGO-Y-REAL-MADRID-DIAPOSITIVA-WEB-1.jpg","width":800,"height":115,"caption":"Medical service"},"image":{"@id":"https:\/\/medicalservice.care\/#\/schema\/logo\/image\/"}},{"@type":"Person","@id":"https:\/\/medicalservice.care\/#\/schema\/person\/daafb49dd48392db42492afd909e68f7","name":"Elisa Medical","image":{"@type":"ImageObject","inLanguage":"en-GB","@id":"https:\/\/secure.gravatar.com\/avatar\/52c9e99ba54904e6210479d7fba16a1d54499b7b423c5fd3bd2a7107b438bb4c?s=96&d=mm&r=g","url":"https:\/\/secure.gravatar.com\/avatar\/52c9e99ba54904e6210479d7fba16a1d54499b7b423c5fd3bd2a7107b438bb4c?s=96&d=mm&r=g","contentUrl":"https:\/\/secure.gravatar.com\/avatar\/52c9e99ba54904e6210479d7fba16a1d54499b7b423c5fd3bd2a7107b438bb4c?s=96&d=mm&r=g","caption":"Elisa Medical"},"url":"https:\/\/medicalservice.care\/en\/author\/elisa-medical\/"}]}},"_links":{"self":[{"href":"https:\/\/medicalservice.care\/en\/wp-json\/wp\/v2\/posts\/7385","targetHints":{"allow":["GET"]}}],"collection":[{"href":"https:\/\/medicalservice.care\/en\/wp-json\/wp\/v2\/posts"}],"about":[{"href":"https:\/\/medicalservice.care\/en\/wp-json\/wp\/v2\/types\/post"}],"author":[{"embeddable":true,"href":"https:\/\/medicalservice.care\/en\/wp-json\/wp\/v2\/users\/5"}],"replies":[{"embeddable":true,"href":"https:\/\/medicalservice.care\/en\/wp-json\/wp\/v2\/comments?post=7385"}],"version-history":[{"count":2,"href":"https:\/\/medicalservice.care\/en\/wp-json\/wp\/v2\/posts\/7385\/revisions"}],"predecessor-version":[{"id":7394,"href":"https:\/\/medicalservice.care\/en\/wp-json\/wp\/v2\/posts\/7385\/revisions\/7394"}],"wp:featuredmedia":[{"embeddable":true,"href":"https:\/\/medicalservice.care\/en\/wp-json\/wp\/v2\/media\/7386"}],"wp:attachment":[{"href":"https:\/\/medicalservice.care\/en\/wp-json\/wp\/v2\/media?parent=7385"}],"wp:term":[{"taxonomy":"category","embeddable":true,"href":"https:\/\/medicalservice.care\/en\/wp-json\/wp\/v2\/categories?post=7385"},{"taxonomy":"post_tag","embeddable":true,"href":"https:\/\/medicalservice.care\/en\/wp-json\/wp\/v2\/tags?post=7385"}],"curies":[{"name":"wp","href":"https:\/\/api.w.org\/{rel}","templated":true}]}}