{"id":8109,"date":"2026-04-28T12:37:19","date_gmt":"2026-04-28T11:37:19","guid":{"rendered":"https:\/\/medicalservice.care\/?p=8109"},"modified":"2026-04-28T12:37:21","modified_gmt":"2026-04-28T11:37:21","slug":"medical-service-care-participo-como-entidad-patrocinadora-en-el-11-congreso-internacional-de-gestion-del-cambio-en-madrid","status":"publish","type":"post","link":"https:\/\/medicalservice.care\/en\/2026\/04\/28\/medical-service-care-participo-como-entidad-patrocinadora-en-el-11-congreso-internacional-de-gestion-del-cambio-en-madrid\/","title":{"rendered":"MEDICAL SERVICE Care particip\u00f3 como entidad patrocinadora en el 11 Congreso Internacional de Gesti\u00f3n del Cambio en Madrid."},"content":{"rendered":"\n<p><img decoding=\"async\" height=\"16\" width=\"16\" alt=\"\ud83c\udf0d\" src=\"https:\/\/medicalservice.care\/wp-content\/uploads\/2026\/04\/1f30d.png\"> El 11\u00ba Congreso Internacional de Gesti\u00f3n del Cambio se celebr\u00f3 recientemente en Madrid, reuniendo a profesionales y organizaciones comprometidas con la transformaci\u00f3n y la innovaci\u00f3n.<\/p>\n\n\n\n<p><a href=\"https:\/\/www.facebook.com\/medicalservicecare?__cft__[0]=AZYXkJfemK0SJpMrKk5UxMCJj0GZ7tgl0VVuJZBINE5GdQ0ZAM1QPD2FigH_PwK5OkI7bw_i7g5cfpPVXMrXaOCpia192htYuuk8z9DAKaWRFkFGJh56Ujl7-FIgQM2QkBIhEYlqtmRY-TQ7gMzJgE_QpS8UaozSZLaVZ9ucWQfbmffY3gHfBFA94ziqSBuTeBA&amp;__tn__=-]K-R\">Medical Service Care<\/a> tuvo el honor de participar como entidad patrocinadora y de contar con la intervenci\u00f3n de nuestro Consejero Delegado, Dr. Jos\u00e9 Muriana, quien comparti\u00f3 su visi\u00f3n sobre el papel del liderazgo humanitario y la gesti\u00f3n del cambio en entornos sanitarios y sociales.<\/p>\n\n\n\n<p>Durante su ponencia, el Dr. Muriana destac\u00f3 la trayectoria internacional de Medical Service Care y la importancia de impulsar proyectos que combinan excelencia profesional, compromiso social y una mirada global hacia las personas.<\/p>\n\n\n\n<p>Queremos expresar nuestro agradecimiento a la organizaci\u00f3n del congreso por la oportunidad de formar parte de un encuentro que impulsa el aprendizaje colectivo y el intercambio de experiencias.<\/p>\n\n\n\n<p>Un evento que nos record\u00f3 que, en toda transformaci\u00f3n, la energ\u00eda se transforma y abre camino a nuevas oportunidades.<\/p>\n\n\n\n<figure class=\"wp-block-embed is-type-video is-provider-youtube wp-block-embed-youtube wp-embed-aspect-16-9 wp-has-aspect-ratio\"><div class=\"wp-block-embed__wrapper\">\n<iframe title=\"MEDICAL SERVICE CARE EN EL 11 CONGRESO INTERNACIONAL DE GESTI\u00d3N DEL CAMBIO EN MADRID.\" width=\"800\" height=\"450\" src=\"https:\/\/www.youtube.com\/embed\/d7mlN65MsKo?feature=oembed\" frameborder=\"0\" allow=\"accelerometer; autoplay; clipboard-write; encrypted-media; gyroscope; picture-in-picture; web-share\" referrerpolicy=\"strict-origin-when-cross-origin\" allowfullscreen><\/iframe>\n<\/div><\/figure>\n\n\n\n<figure class=\"wp-block-image size-large\"><img fetchpriority=\"high\" decoding=\"async\" width=\"1024\" height=\"768\" src=\"https:\/\/medicalservice.care\/wp-content\/uploads\/2026\/04\/WhatsApp-Image-2026-04-23-at-11.09.42-1024x768.jpeg\" alt=\"\" class=\"wp-image-8114\" srcset=\"https:\/\/medicalservice.care\/wp-content\/uploads\/2026\/04\/WhatsApp-Image-2026-04-23-at-11.09.42-1024x768.jpeg 1024w, https:\/\/medicalservice.care\/wp-content\/uploads\/2026\/04\/WhatsApp-Image-2026-04-23-at-11.09.42-300x225.jpeg 300w, https:\/\/medicalservice.care\/wp-content\/uploads\/2026\/04\/WhatsApp-Image-2026-04-23-at-11.09.42-768x576.jpeg 768w, https:\/\/medicalservice.care\/wp-content\/uploads\/2026\/04\/WhatsApp-Image-2026-04-23-at-11.09.42-1536x1152.jpeg 1536w, https:\/\/medicalservice.care\/wp-content\/uploads\/2026\/04\/WhatsApp-Image-2026-04-23-at-11.09.42-16x12.jpeg 16w, https:\/\/medicalservice.care\/wp-content\/uploads\/2026\/04\/WhatsApp-Image-2026-04-23-at-11.09.42.jpeg 2048w\" sizes=\"(max-width: 1024px) 100vw, 1024px\" \/><\/figure>\n\n\n\n<figure class=\"wp-block-image size-large\"><img decoding=\"async\" width=\"1024\" height=\"768\" src=\"https:\/\/medicalservice.care\/wp-content\/uploads\/2026\/04\/WhatsApp-Image-2026-04-23-at-11.09.40-1-1024x768.jpeg\" alt=\"\" class=\"wp-image-8113\" srcset=\"https:\/\/medicalservice.care\/wp-content\/uploads\/2026\/04\/WhatsApp-Image-2026-04-23-at-11.09.40-1-1024x768.jpeg 1024w, https:\/\/medicalservice.care\/wp-content\/uploads\/2026\/04\/WhatsApp-Image-2026-04-23-at-11.09.40-1-300x225.jpeg 300w, https:\/\/medicalservice.care\/wp-content\/uploads\/2026\/04\/WhatsApp-Image-2026-04-23-at-11.09.40-1-768x576.jpeg 768w, https:\/\/medicalservice.care\/wp-content\/uploads\/2026\/04\/WhatsApp-Image-2026-04-23-at-11.09.40-1-1536x1152.jpeg 1536w, https:\/\/medicalservice.care\/wp-content\/uploads\/2026\/04\/WhatsApp-Image-2026-04-23-at-11.09.40-1-16x12.jpeg 16w, https:\/\/medicalservice.care\/wp-content\/uploads\/2026\/04\/WhatsApp-Image-2026-04-23-at-11.09.40-1.jpeg 2048w\" sizes=\"(max-width: 1024px) 100vw, 1024px\" \/><\/figure>\n\n\n\n<figure class=\"wp-block-image size-large\"><img loading=\"lazy\" decoding=\"async\" width=\"1024\" height=\"768\" src=\"https:\/\/medicalservice.care\/wp-content\/uploads\/2026\/04\/WhatsApp-Image-2026-04-23-at-10.53.18-1-1024x768.jpeg\" alt=\"\" class=\"wp-image-8115\" srcset=\"https:\/\/medicalservice.care\/wp-content\/uploads\/2026\/04\/WhatsApp-Image-2026-04-23-at-10.53.18-1-1024x768.jpeg 1024w, https:\/\/medicalservice.care\/wp-content\/uploads\/2026\/04\/WhatsApp-Image-2026-04-23-at-10.53.18-1-300x225.jpeg 300w, https:\/\/medicalservice.care\/wp-content\/uploads\/2026\/04\/WhatsApp-Image-2026-04-23-at-10.53.18-1-768x576.jpeg 768w, https:\/\/medicalservice.care\/wp-content\/uploads\/2026\/04\/WhatsApp-Image-2026-04-23-at-10.53.18-1-1536x1152.jpeg 1536w, https:\/\/medicalservice.care\/wp-content\/uploads\/2026\/04\/WhatsApp-Image-2026-04-23-at-10.53.18-1-16x12.jpeg 16w, https:\/\/medicalservice.care\/wp-content\/uploads\/2026\/04\/WhatsApp-Image-2026-04-23-at-10.53.18-1.jpeg 2048w\" sizes=\"(max-width: 1024px) 100vw, 1024px\" \/><\/figure>\n\n\n\n<figure class=\"wp-block-image size-large\"><img loading=\"lazy\" decoding=\"async\" width=\"1024\" height=\"768\" src=\"https:\/\/medicalservice.care\/wp-content\/uploads\/2026\/04\/WhatsApp-Image-2026-04-23-at-11.04.12-1024x768.jpeg\" alt=\"\" class=\"wp-image-8116\" srcset=\"https:\/\/medicalservice.care\/wp-content\/uploads\/2026\/04\/WhatsApp-Image-2026-04-23-at-11.04.12-1024x768.jpeg 1024w, https:\/\/medicalservice.care\/wp-content\/uploads\/2026\/04\/WhatsApp-Image-2026-04-23-at-11.04.12-300x225.jpeg 300w, https:\/\/medicalservice.care\/wp-content\/uploads\/2026\/04\/WhatsApp-Image-2026-04-23-at-11.04.12-768x576.jpeg 768w, https:\/\/medicalservice.care\/wp-content\/uploads\/2026\/04\/WhatsApp-Image-2026-04-23-at-11.04.12-1536x1152.jpeg 1536w, https:\/\/medicalservice.care\/wp-content\/uploads\/2026\/04\/WhatsApp-Image-2026-04-23-at-11.04.12-16x12.jpeg 16w, https:\/\/medicalservice.care\/wp-content\/uploads\/2026\/04\/WhatsApp-Image-2026-04-23-at-11.04.12.jpeg 2048w\" sizes=\"(max-width: 1024px) 100vw, 1024px\" \/><\/figure>\n","protected":false},"excerpt":{"rendered":"<p>El 11\u00ba Congreso Internacional de Gesti\u00f3n del Cambio se celebr\u00f3 recientemente en Madrid, reuniendo a profesionales y organizaciones comprometidas con la transformaci\u00f3n y la innovaci\u00f3n. Medical Service Care tuvo el honor de participar como entidad patrocinadora y de contar con la intervenci\u00f3n de nuestro Consejero Delegado, Dr. Jos\u00e9 Muriana, quien comparti\u00f3 su visi\u00f3n sobre el [&hellip;]<\/p>\n","protected":false},"author":5,"featured_media":8112,"comment_status":"closed","ping_status":"closed","sticky":false,"template":"","format":"standard","meta":{"footnotes":""},"categories":[2,23],"tags":[],"class_list":["post-8109","post","type-post","status-publish","format-standard","has-post-thumbnail","hentry","category-noticias","category-sin-categoria-es"],"yoast_head":"<!-- This site is optimized with the Yoast SEO Premium plugin v23.5 (Yoast SEO v27.2) - https:\/\/yoast.com\/product\/yoast-seo-premium-wordpress\/ -->\n<title>MEDICAL SERVICE Care particip\u00f3 como entidad patrocinadora en el 11 Congreso Internacional de Gesti\u00f3n del Cambio en Madrid. - Medical service<\/title>\n<meta name=\"robots\" content=\"index, follow, max-snippet:-1, max-image-preview:large, max-video-preview:-1\" \/>\n<link rel=\"canonical\" href=\"https:\/\/medicalservice.care\/en\/2026\/04\/28\/medical-service-care-participo-como-entidad-patrocinadora-en-el-11-congreso-internacional-de-gestion-del-cambio-en-madrid\/\" \/>\n<meta property=\"og:locale\" content=\"en_GB\" \/>\n<meta property=\"og:type\" content=\"article\" \/>\n<meta property=\"og:title\" content=\"MEDICAL SERVICE Care particip\u00f3 como entidad patrocinadora en el 11 Congreso Internacional de Gesti\u00f3n del Cambio en Madrid.\" \/>\n<meta property=\"og:description\" content=\"El 11\u00ba Congreso Internacional de Gesti\u00f3n del Cambio se celebr\u00f3 recientemente en Madrid, reuniendo a profesionales y organizaciones comprometidas con la transformaci\u00f3n y la innovaci\u00f3n. Medical Service Care tuvo el honor de participar como entidad patrocinadora y de contar con la intervenci\u00f3n de nuestro Consejero Delegado, Dr. Jos\u00e9 Muriana, quien comparti\u00f3 su visi\u00f3n sobre el [&hellip;]\" \/>\n<meta property=\"og:url\" content=\"https:\/\/medicalservice.care\/en\/2026\/04\/28\/medical-service-care-participo-como-entidad-patrocinadora-en-el-11-congreso-internacional-de-gestion-del-cambio-en-madrid\/\" \/>\n<meta property=\"og:site_name\" content=\"Medical service\" \/>\n<meta property=\"article:published_time\" content=\"2026-04-28T11:37:19+00:00\" \/>\n<meta property=\"article:modified_time\" content=\"2026-04-28T11:37:21+00:00\" \/>\n<meta property=\"og:image\" content=\"https:\/\/medicalservice.care\/wp-content\/uploads\/2026\/04\/1775820902167.jpg\" \/>\n\t<meta property=\"og:image:width\" content=\"800\" \/>\n\t<meta property=\"og:image:height\" content=\"800\" \/>\n\t<meta property=\"og:image:type\" content=\"image\/jpeg\" \/>\n<meta name=\"author\" content=\"Elisa Medical\" \/>\n<meta name=\"twitter:card\" content=\"summary_large_image\" \/>\n<meta name=\"twitter:label1\" content=\"Written by\" \/>\n\t<meta name=\"twitter:data1\" content=\"Elisa Medical\" \/>\n\t<meta name=\"twitter:label2\" content=\"Estimated reading time\" \/>\n\t<meta name=\"twitter:data2\" content=\"1 minute\" \/>\n<script type=\"application\/ld+json\" class=\"yoast-schema-graph\">{\"@context\":\"https:\/\/schema.org\",\"@graph\":[{\"@type\":\"Article\",\"@id\":\"https:\/\/medicalservice.care\/2026\/04\/28\/medical-service-care-participo-como-entidad-patrocinadora-en-el-11-congreso-internacional-de-gestion-del-cambio-en-madrid\/#article\",\"isPartOf\":{\"@id\":\"https:\/\/medicalservice.care\/2026\/04\/28\/medical-service-care-participo-como-entidad-patrocinadora-en-el-11-congreso-internacional-de-gestion-del-cambio-en-madrid\/\"},\"author\":{\"name\":\"Elisa Medical\",\"@id\":\"https:\/\/medicalservice.care\/#\/schema\/person\/daafb49dd48392db42492afd909e68f7\"},\"headline\":\"MEDICAL SERVICE Care particip\u00f3 como entidad patrocinadora en el 11 Congreso Internacional de Gesti\u00f3n del Cambio en Madrid.\",\"datePublished\":\"2026-04-28T11:37:19+00:00\",\"dateModified\":\"2026-04-28T11:37:21+00:00\",\"mainEntityOfPage\":{\"@id\":\"https:\/\/medicalservice.care\/2026\/04\/28\/medical-service-care-participo-como-entidad-patrocinadora-en-el-11-congreso-internacional-de-gestion-del-cambio-en-madrid\/\"},\"wordCount\":184,\"publisher\":{\"@id\":\"https:\/\/medicalservice.care\/#organization\"},\"image\":{\"@id\":\"https:\/\/medicalservice.care\/2026\/04\/28\/medical-service-care-participo-como-entidad-patrocinadora-en-el-11-congreso-internacional-de-gestion-del-cambio-en-madrid\/#primaryimage\"},\"thumbnailUrl\":\"https:\/\/medicalservice.care\/wp-content\/uploads\/2026\/04\/1775820902167.jpg\",\"articleSection\":[\"Noticias\",\"Sin categor\u00eda\"],\"inLanguage\":\"en-GB\"},{\"@type\":\"WebPage\",\"@id\":\"https:\/\/medicalservice.care\/2026\/04\/28\/medical-service-care-participo-como-entidad-patrocinadora-en-el-11-congreso-internacional-de-gestion-del-cambio-en-madrid\/\",\"url\":\"https:\/\/medicalservice.care\/2026\/04\/28\/medical-service-care-participo-como-entidad-patrocinadora-en-el-11-congreso-internacional-de-gestion-del-cambio-en-madrid\/\",\"name\":\"MEDICAL SERVICE Care particip\u00f3 como entidad patrocinadora en el 11 Congreso Internacional de Gesti\u00f3n del Cambio en Madrid. - Medical service\",\"isPartOf\":{\"@id\":\"https:\/\/medicalservice.care\/#website\"},\"primaryImageOfPage\":{\"@id\":\"https:\/\/medicalservice.care\/2026\/04\/28\/medical-service-care-participo-como-entidad-patrocinadora-en-el-11-congreso-internacional-de-gestion-del-cambio-en-madrid\/#primaryimage\"},\"image\":{\"@id\":\"https:\/\/medicalservice.care\/2026\/04\/28\/medical-service-care-participo-como-entidad-patrocinadora-en-el-11-congreso-internacional-de-gestion-del-cambio-en-madrid\/#primaryimage\"},\"thumbnailUrl\":\"https:\/\/medicalservice.care\/wp-content\/uploads\/2026\/04\/1775820902167.jpg\",\"datePublished\":\"2026-04-28T11:37:19+00:00\",\"dateModified\":\"2026-04-28T11:37:21+00:00\",\"breadcrumb\":{\"@id\":\"https:\/\/medicalservice.care\/2026\/04\/28\/medical-service-care-participo-como-entidad-patrocinadora-en-el-11-congreso-internacional-de-gestion-del-cambio-en-madrid\/#breadcrumb\"},\"inLanguage\":\"en-GB\",\"potentialAction\":[{\"@type\":\"ReadAction\",\"target\":[\"https:\/\/medicalservice.care\/2026\/04\/28\/medical-service-care-participo-como-entidad-patrocinadora-en-el-11-congreso-internacional-de-gestion-del-cambio-en-madrid\/\"]}]},{\"@type\":\"ImageObject\",\"inLanguage\":\"en-GB\",\"@id\":\"https:\/\/medicalservice.care\/2026\/04\/28\/medical-service-care-participo-como-entidad-patrocinadora-en-el-11-congreso-internacional-de-gestion-del-cambio-en-madrid\/#primaryimage\",\"url\":\"https:\/\/medicalservice.care\/wp-content\/uploads\/2026\/04\/1775820902167.jpg\",\"contentUrl\":\"https:\/\/medicalservice.care\/wp-content\/uploads\/2026\/04\/1775820902167.jpg\",\"width\":800,\"height\":800},{\"@type\":\"BreadcrumbList\",\"@id\":\"https:\/\/medicalservice.care\/2026\/04\/28\/medical-service-care-participo-como-entidad-patrocinadora-en-el-11-congreso-internacional-de-gestion-del-cambio-en-madrid\/#breadcrumb\",\"itemListElement\":[{\"@type\":\"ListItem\",\"position\":1,\"name\":\"Portada\",\"item\":\"https:\/\/medicalservice.care\/\"},{\"@type\":\"ListItem\",\"position\":2,\"name\":\"MEDICAL SERVICE Care particip\u00f3 como entidad patrocinadora en el 11 Congreso Internacional de Gesti\u00f3n del Cambio en Madrid.\"}]},{\"@type\":\"WebSite\",\"@id\":\"https:\/\/medicalservice.care\/#website\",\"url\":\"https:\/\/medicalservice.care\/\",\"name\":\"Medical service\",\"description\":\"Medical Service Care es una empresa especializada en el \u00e1mbito de la gesti\u00f3n integral de servicios m\u00e9dicos, cuya creencia en la labor de equipo le ha llevado, tras varias etapas, a crear un modelo de empresa basado en la fuerza del grupo para la canalizaci\u00f3n de su labor con las m\u00e1ximas garant\u00edas de calidad asistencial.\",\"publisher\":{\"@id\":\"https:\/\/medicalservice.care\/#organization\"},\"potentialAction\":[{\"@type\":\"SearchAction\",\"target\":{\"@type\":\"EntryPoint\",\"urlTemplate\":\"https:\/\/medicalservice.care\/?s={search_term_string}\"},\"query-input\":{\"@type\":\"PropertyValueSpecification\",\"valueRequired\":true,\"valueName\":\"search_term_string\"}}],\"inLanguage\":\"en-GB\"},{\"@type\":\"Organization\",\"@id\":\"https:\/\/medicalservice.care\/#organization\",\"name\":\"Medical service\",\"url\":\"https:\/\/medicalservice.care\/\",\"logo\":{\"@type\":\"ImageObject\",\"inLanguage\":\"en-GB\",\"@id\":\"https:\/\/medicalservice.care\/#\/schema\/logo\/image\/\",\"url\":\"https:\/\/medicalservice.care\/wp-content\/uploads\/2024\/01\/LOGO-Y-REAL-MADRID-DIAPOSITIVA-WEB-1.jpg\",\"contentUrl\":\"https:\/\/medicalservice.care\/wp-content\/uploads\/2024\/01\/LOGO-Y-REAL-MADRID-DIAPOSITIVA-WEB-1.jpg\",\"width\":800,\"height\":115,\"caption\":\"Medical service\"},\"image\":{\"@id\":\"https:\/\/medicalservice.care\/#\/schema\/logo\/image\/\"}},{\"@type\":\"Person\",\"@id\":\"https:\/\/medicalservice.care\/#\/schema\/person\/daafb49dd48392db42492afd909e68f7\",\"name\":\"Elisa Medical\",\"image\":{\"@type\":\"ImageObject\",\"inLanguage\":\"en-GB\",\"@id\":\"https:\/\/secure.gravatar.com\/avatar\/52c9e99ba54904e6210479d7fba16a1d54499b7b423c5fd3bd2a7107b438bb4c?s=96&d=mm&r=g\",\"url\":\"https:\/\/secure.gravatar.com\/avatar\/52c9e99ba54904e6210479d7fba16a1d54499b7b423c5fd3bd2a7107b438bb4c?s=96&d=mm&r=g\",\"contentUrl\":\"https:\/\/secure.gravatar.com\/avatar\/52c9e99ba54904e6210479d7fba16a1d54499b7b423c5fd3bd2a7107b438bb4c?s=96&d=mm&r=g\",\"caption\":\"Elisa Medical\"},\"url\":\"https:\/\/medicalservice.care\/en\/author\/elisa-medical\/\"}]}<\/script>\n<!-- \/ Yoast SEO Premium plugin. -->","yoast_head_json":{"title":"MEDICAL SERVICE Care particip\u00f3 como entidad patrocinadora en el 11 Congreso Internacional de Gesti\u00f3n del Cambio en Madrid. - Medical service","robots":{"index":"index","follow":"follow","max-snippet":"max-snippet:-1","max-image-preview":"max-image-preview:large","max-video-preview":"max-video-preview:-1"},"canonical":"https:\/\/medicalservice.care\/en\/2026\/04\/28\/medical-service-care-participo-como-entidad-patrocinadora-en-el-11-congreso-internacional-de-gestion-del-cambio-en-madrid\/","og_locale":"en_GB","og_type":"article","og_title":"MEDICAL SERVICE Care particip\u00f3 como entidad patrocinadora en el 11 Congreso Internacional de Gesti\u00f3n del Cambio en Madrid.","og_description":"El 11\u00ba Congreso Internacional de Gesti\u00f3n del Cambio se celebr\u00f3 recientemente en Madrid, reuniendo a profesionales y organizaciones comprometidas con la transformaci\u00f3n y la innovaci\u00f3n. Medical Service Care tuvo el honor de participar como entidad patrocinadora y de contar con la intervenci\u00f3n de nuestro Consejero Delegado, Dr. Jos\u00e9 Muriana, quien comparti\u00f3 su visi\u00f3n sobre el [&hellip;]","og_url":"https:\/\/medicalservice.care\/en\/2026\/04\/28\/medical-service-care-participo-como-entidad-patrocinadora-en-el-11-congreso-internacional-de-gestion-del-cambio-en-madrid\/","og_site_name":"Medical service","article_published_time":"2026-04-28T11:37:19+00:00","article_modified_time":"2026-04-28T11:37:21+00:00","og_image":[{"width":800,"height":800,"url":"https:\/\/medicalservice.care\/wp-content\/uploads\/2026\/04\/1775820902167.jpg","type":"image\/jpeg"}],"author":"Elisa Medical","twitter_card":"summary_large_image","twitter_misc":{"Written by":"Elisa Medical","Estimated reading time":"1 minute"},"schema":{"@context":"https:\/\/schema.org","@graph":[{"@type":"Article","@id":"https:\/\/medicalservice.care\/2026\/04\/28\/medical-service-care-participo-como-entidad-patrocinadora-en-el-11-congreso-internacional-de-gestion-del-cambio-en-madrid\/#article","isPartOf":{"@id":"https:\/\/medicalservice.care\/2026\/04\/28\/medical-service-care-participo-como-entidad-patrocinadora-en-el-11-congreso-internacional-de-gestion-del-cambio-en-madrid\/"},"author":{"name":"Elisa Medical","@id":"https:\/\/medicalservice.care\/#\/schema\/person\/daafb49dd48392db42492afd909e68f7"},"headline":"MEDICAL SERVICE Care particip\u00f3 como entidad patrocinadora en el 11 Congreso Internacional de Gesti\u00f3n del Cambio en Madrid.","datePublished":"2026-04-28T11:37:19+00:00","dateModified":"2026-04-28T11:37:21+00:00","mainEntityOfPage":{"@id":"https:\/\/medicalservice.care\/2026\/04\/28\/medical-service-care-participo-como-entidad-patrocinadora-en-el-11-congreso-internacional-de-gestion-del-cambio-en-madrid\/"},"wordCount":184,"publisher":{"@id":"https:\/\/medicalservice.care\/#organization"},"image":{"@id":"https:\/\/medicalservice.care\/2026\/04\/28\/medical-service-care-participo-como-entidad-patrocinadora-en-el-11-congreso-internacional-de-gestion-del-cambio-en-madrid\/#primaryimage"},"thumbnailUrl":"https:\/\/medicalservice.care\/wp-content\/uploads\/2026\/04\/1775820902167.jpg","articleSection":["Noticias","Sin categor\u00eda"],"inLanguage":"en-GB"},{"@type":"WebPage","@id":"https:\/\/medicalservice.care\/2026\/04\/28\/medical-service-care-participo-como-entidad-patrocinadora-en-el-11-congreso-internacional-de-gestion-del-cambio-en-madrid\/","url":"https:\/\/medicalservice.care\/2026\/04\/28\/medical-service-care-participo-como-entidad-patrocinadora-en-el-11-congreso-internacional-de-gestion-del-cambio-en-madrid\/","name":"MEDICAL SERVICE Care particip\u00f3 como entidad patrocinadora en el 11 Congreso Internacional de Gesti\u00f3n del Cambio en Madrid. - Medical service","isPartOf":{"@id":"https:\/\/medicalservice.care\/#website"},"primaryImageOfPage":{"@id":"https:\/\/medicalservice.care\/2026\/04\/28\/medical-service-care-participo-como-entidad-patrocinadora-en-el-11-congreso-internacional-de-gestion-del-cambio-en-madrid\/#primaryimage"},"image":{"@id":"https:\/\/medicalservice.care\/2026\/04\/28\/medical-service-care-participo-como-entidad-patrocinadora-en-el-11-congreso-internacional-de-gestion-del-cambio-en-madrid\/#primaryimage"},"thumbnailUrl":"https:\/\/medicalservice.care\/wp-content\/uploads\/2026\/04\/1775820902167.jpg","datePublished":"2026-04-28T11:37:19+00:00","dateModified":"2026-04-28T11:37:21+00:00","breadcrumb":{"@id":"https:\/\/medicalservice.care\/2026\/04\/28\/medical-service-care-participo-como-entidad-patrocinadora-en-el-11-congreso-internacional-de-gestion-del-cambio-en-madrid\/#breadcrumb"},"inLanguage":"en-GB","potentialAction":[{"@type":"ReadAction","target":["https:\/\/medicalservice.care\/2026\/04\/28\/medical-service-care-participo-como-entidad-patrocinadora-en-el-11-congreso-internacional-de-gestion-del-cambio-en-madrid\/"]}]},{"@type":"ImageObject","inLanguage":"en-GB","@id":"https:\/\/medicalservice.care\/2026\/04\/28\/medical-service-care-participo-como-entidad-patrocinadora-en-el-11-congreso-internacional-de-gestion-del-cambio-en-madrid\/#primaryimage","url":"https:\/\/medicalservice.care\/wp-content\/uploads\/2026\/04\/1775820902167.jpg","contentUrl":"https:\/\/medicalservice.care\/wp-content\/uploads\/2026\/04\/1775820902167.jpg","width":800,"height":800},{"@type":"BreadcrumbList","@id":"https:\/\/medicalservice.care\/2026\/04\/28\/medical-service-care-participo-como-entidad-patrocinadora-en-el-11-congreso-internacional-de-gestion-del-cambio-en-madrid\/#breadcrumb","itemListElement":[{"@type":"ListItem","position":1,"name":"Portada","item":"https:\/\/medicalservice.care\/"},{"@type":"ListItem","position":2,"name":"MEDICAL SERVICE Care particip\u00f3 como entidad patrocinadora en el 11 Congreso Internacional de Gesti\u00f3n del Cambio en Madrid."}]},{"@type":"WebSite","@id":"https:\/\/medicalservice.care\/#website","url":"https:\/\/medicalservice.care\/","name":"Medical service","description":"Medical Service Care is a company specializing in the field of comprehensive management of medical services, whose belief in teamwork has led it, after several stages, to create a business model based on the strength of the group to channel its work with the highest guarantees of quality care.","publisher":{"@id":"https:\/\/medicalservice.care\/#organization"},"potentialAction":[{"@type":"SearchAction","target":{"@type":"EntryPoint","urlTemplate":"https:\/\/medicalservice.care\/?s={search_term_string}"},"query-input":{"@type":"PropertyValueSpecification","valueRequired":true,"valueName":"search_term_string"}}],"inLanguage":"en-GB"},{"@type":"Organization","@id":"https:\/\/medicalservice.care\/#organization","name":"Medical service","url":"https:\/\/medicalservice.care\/","logo":{"@type":"ImageObject","inLanguage":"en-GB","@id":"https:\/\/medicalservice.care\/#\/schema\/logo\/image\/","url":"https:\/\/medicalservice.care\/wp-content\/uploads\/2024\/01\/LOGO-Y-REAL-MADRID-DIAPOSITIVA-WEB-1.jpg","contentUrl":"https:\/\/medicalservice.care\/wp-content\/uploads\/2024\/01\/LOGO-Y-REAL-MADRID-DIAPOSITIVA-WEB-1.jpg","width":800,"height":115,"caption":"Medical service"},"image":{"@id":"https:\/\/medicalservice.care\/#\/schema\/logo\/image\/"}},{"@type":"Person","@id":"https:\/\/medicalservice.care\/#\/schema\/person\/daafb49dd48392db42492afd909e68f7","name":"Elisa Medical","image":{"@type":"ImageObject","inLanguage":"en-GB","@id":"https:\/\/secure.gravatar.com\/avatar\/52c9e99ba54904e6210479d7fba16a1d54499b7b423c5fd3bd2a7107b438bb4c?s=96&d=mm&r=g","url":"https:\/\/secure.gravatar.com\/avatar\/52c9e99ba54904e6210479d7fba16a1d54499b7b423c5fd3bd2a7107b438bb4c?s=96&d=mm&r=g","contentUrl":"https:\/\/secure.gravatar.com\/avatar\/52c9e99ba54904e6210479d7fba16a1d54499b7b423c5fd3bd2a7107b438bb4c?s=96&d=mm&r=g","caption":"Elisa Medical"},"url":"https:\/\/medicalservice.care\/en\/author\/elisa-medical\/"}]}},"_links":{"self":[{"href":"https:\/\/medicalservice.care\/en\/wp-json\/wp\/v2\/posts\/8109","targetHints":{"allow":["GET"]}}],"collection":[{"href":"https:\/\/medicalservice.care\/en\/wp-json\/wp\/v2\/posts"}],"about":[{"href":"https:\/\/medicalservice.care\/en\/wp-json\/wp\/v2\/types\/post"}],"author":[{"embeddable":true,"href":"https:\/\/medicalservice.care\/en\/wp-json\/wp\/v2\/users\/5"}],"replies":[{"embeddable":true,"href":"https:\/\/medicalservice.care\/en\/wp-json\/wp\/v2\/comments?post=8109"}],"version-history":[{"count":2,"href":"https:\/\/medicalservice.care\/en\/wp-json\/wp\/v2\/posts\/8109\/revisions"}],"predecessor-version":[{"id":8117,"href":"https:\/\/medicalservice.care\/en\/wp-json\/wp\/v2\/posts\/8109\/revisions\/8117"}],"wp:featuredmedia":[{"embeddable":true,"href":"https:\/\/medicalservice.care\/en\/wp-json\/wp\/v2\/media\/8112"}],"wp:attachment":[{"href":"https:\/\/medicalservice.care\/en\/wp-json\/wp\/v2\/media?parent=8109"}],"wp:term":[{"taxonomy":"category","embeddable":true,"href":"https:\/\/medicalservice.care\/en\/wp-json\/wp\/v2\/categories?post=8109"},{"taxonomy":"post_tag","embeddable":true,"href":"https:\/\/medicalservice.care\/en\/wp-json\/wp\/v2\/tags?post=8109"}],"curies":[{"name":"wp","href":"https:\/\/api.w.org\/{rel}","templated":true}]}}